{"id":4692,"date":"2014-10-16T10:35:18","date_gmt":"2014-10-16T13:35:18","guid":{"rendered":"http:\/\/www.crossprensa.com.ar\/news\/?p=4692"},"modified":"2014-10-16T10:35:18","modified_gmt":"2014-10-16T13:35:18","slug":"anderson-debuta-y-gana-con-husqvarna","status":"publish","type":"post","link":"https:\/\/www.crossprensa.com.ar\/news\/anderson-debuta-y-gana-con-husqvarna\/sx\/","title":{"rendered":"Anderson debuta y gana con Husqvarna."},"content":{"rendered":"<p style=\"color: rgb(0, 0, 0); text-align: justify;\">Jason Anderson se present\u00f3 en el Supercross de Estocolmo (Suecia) este fin de semana, con la nueva Husqvarna FC450, y con la que ya estuvo entrenando durante unos meses, pero no fue hasta este fin de semana pasado en el Stockholm Supercross que hizo debutar su nueva moto del equipo Rockstar Energy Racing.\u00a0En la carrera, Anderson se enfrent\u00f3 a Mike Alessi y Josh Hill, en la gran final, y gan\u00f3 un mont\u00f3n de confianza acerca de cu\u00e1l es su posici\u00f3n, entrando en su primera temporada a bordo de una m\u00e1quina de 450cc.<\/p>\n<p style=\"color: rgb(0, 0, 0); text-align: justify;\"><!--more--><\/p>\n<p style=\"color: rgb(0, 0, 0); text-align: justify;\">Dijo Jason Anderson:<\/p>\n<blockquote>\n<p style=\"color: rgb(0, 0, 0); text-align: justify;\">El viaje fue genial.\u00a0Tuve la oportunidad de visitar la antigua f\u00e1brica de Husqvarna en Huskvarna, Suecia. Pude\u00a0pasar el rato con Gunner Lindstrom y Torsten Hallman que fueron los pioneros de la marca Husqvarna y m\u00e1s o menos el deporte, Hallman trajo motocross a Estados Unidos desde Suecia en los a\u00f1os 60, as\u00ed que fue genial para pasar el rato con los chicos y obtener un poco de poco de una lecci\u00f3n de historia y las carreras que eran realmente geniales. Me emocion\u00f3 conseguir la victoria, y saber que vamos a encarar la copa Monster con confianza para hacer lo mejor posible. De todas formas, mi cabeza ya est\u00e1 puesta en la temporada 2015 del Ama Supercross y hacer lo mejor en Anaheim 1.<\/p>\n<p style=\"color: rgb(0, 0, 0); text-align: justify;\">\n<\/blockquote>\n","protected":false},"excerpt":{"rendered":"<p>Jason Anderson se present\u00f3 en el Supercross de Estocolmo (Suecia) este fin de semana, con&#8230;<\/p>\n","protected":false},"author":2,"featured_media":0,"comment_status":"open","ping_status":"open","sticky":false,"template":"","format":"standard","meta":{"om_disable_all_campaigns":false,"_monsterinsights_skip_tracking":false,"_monsterinsights_sitenote_active":false,"_monsterinsights_sitenote_note":"","_monsterinsights_sitenote_category":0,"_uf_show_specific_survey":0,"_uf_disable_surveys":false,"footnotes":""},"categories":[8],"tags":[6],"class_list":["post-4692","post","type-post","status-publish","format-standard","hentry","category-sx","tag-text"],"aioseo_notices":[],"_links":{"self":[{"href":"https:\/\/www.crossprensa.com.ar\/news\/wp-json\/wp\/v2\/posts\/4692","targetHints":{"allow":["GET"]}}],"collection":[{"href":"https:\/\/www.crossprensa.com.ar\/news\/wp-json\/wp\/v2\/posts"}],"about":[{"href":"https:\/\/www.crossprensa.com.ar\/news\/wp-json\/wp\/v2\/types\/post"}],"author":[{"embeddable":true,"href":"https:\/\/www.crossprensa.com.ar\/news\/wp-json\/wp\/v2\/users\/2"}],"replies":[{"embeddable":true,"href":"https:\/\/www.crossprensa.com.ar\/news\/wp-json\/wp\/v2\/comments?post=4692"}],"version-history":[{"count":1,"href":"https:\/\/www.crossprensa.com.ar\/news\/wp-json\/wp\/v2\/posts\/4692\/revisions"}],"predecessor-version":[{"id":4694,"href":"https:\/\/www.crossprensa.com.ar\/news\/wp-json\/wp\/v2\/posts\/4692\/revisions\/4694"}],"wp:attachment":[{"href":"https:\/\/www.crossprensa.com.ar\/news\/wp-json\/wp\/v2\/media?parent=4692"}],"wp:term":[{"taxonomy":"category","embeddable":true,"href":"https:\/\/www.crossprensa.com.ar\/news\/wp-json\/wp\/v2\/categories?post=4692"},{"taxonomy":"post_tag","embeddable":true,"href":"https:\/\/www.crossprensa.com.ar\/news\/wp-json\/wp\/v2\/tags?post=4692"}],"curies":[{"name":"wp","href":"https:\/\/api.w.org\/{rel}","templated":true}]}}