{"id":46027,"date":"2020-01-12T14:47:49","date_gmt":"2020-01-12T17:47:49","guid":{"rendered":"http:\/\/www.crossprensa.com.ar\/news\/?p=46027"},"modified":"2020-01-12T14:46:26","modified_gmt":"2020-01-12T17:46:26","slug":"dakar-etapa-8-anulada-para-motos-y-quads","status":"publish","type":"post","link":"https:\/\/www.crossprensa.com.ar\/news\/dakar-etapa-8-anulada-para-motos-y-quads\/dakar\/","title":{"rendered":"DAKAR ETAPA 8 ANULADA PARA MOTOS Y QUADS"},"content":{"rendered":"<p>El fallecimiento de Paulo Gon\u00e7alves hoy durante la 7\u00aa etapa entre Riyadh y Wadi Al-Dawasir ha provocado una inmensa ola de emociones entre el conjunto de la caravana del Dakar, particularmente entre aquellos pilotos que compiten en la categor\u00eda moto. Figura emblem\u00e1tica del Dakar<\/p>\n<p><!--more--><\/p>\n<p>Paulo era muy respetado entre los pilotos m\u00e1s experimentados y admirado por todos aquellos a los que serv\u00eda de ejemplo. Tras haberse reunido con ellos y, por acuerdo un\u00e1nime entre todos los miembros de la familia motera del Dakar, la organizaci\u00f3n ha decidido anular la carrera motos\/quads de la 8\u00aa etapa (un bucle alrededor de Wadi Al-Dawasir), con el fin de respetar el dolor y el recogimiento de los pilotos que acaban de perder a un amigo.<\/p>\n<p>Toda la familia del Dakar se reunir\u00e1 esta noche en el briefing para rendir homenaje a Paulo.<img fetchpriority=\"high\" decoding=\"async\" class=\"alignnone wp-image-46032 size-full\" src=\"http:\/\/www.crossprensa.com.ar\/news\/wp-content\/uploads\/2020\/01\/z1563-1.jpg\" alt=\"\" width=\"680\" height=\"439\" \/><\/p>\n","protected":false},"excerpt":{"rendered":"<p>El fallecimiento de Paulo Gon\u00e7alves hoy durante la 7\u00aa etapa entre Riyadh y Wadi Al-Dawasir&#8230;<\/p>\n","protected":false},"author":2,"featured_media":0,"comment_status":"open","ping_status":"open","sticky":false,"template":"","format":"standard","meta":{"om_disable_all_campaigns":false,"_monsterinsights_skip_tracking":false,"_uf_show_specific_survey":0,"_uf_disable_surveys":false,"footnotes":""},"categories":[11,38],"tags":[],"class_list":["post-46027","post","type-post","status-publish","format-standard","hentry","category-dakar","category-hot-news"],"aioseo_notices":[],"_links":{"self":[{"href":"https:\/\/www.crossprensa.com.ar\/news\/wp-json\/wp\/v2\/posts\/46027","targetHints":{"allow":["GET"]}}],"collection":[{"href":"https:\/\/www.crossprensa.com.ar\/news\/wp-json\/wp\/v2\/posts"}],"about":[{"href":"https:\/\/www.crossprensa.com.ar\/news\/wp-json\/wp\/v2\/types\/post"}],"author":[{"embeddable":true,"href":"https:\/\/www.crossprensa.com.ar\/news\/wp-json\/wp\/v2\/users\/2"}],"replies":[{"embeddable":true,"href":"https:\/\/www.crossprensa.com.ar\/news\/wp-json\/wp\/v2\/comments?post=46027"}],"version-history":[{"count":3,"href":"https:\/\/www.crossprensa.com.ar\/news\/wp-json\/wp\/v2\/posts\/46027\/revisions"}],"predecessor-version":[{"id":46034,"href":"https:\/\/www.crossprensa.com.ar\/news\/wp-json\/wp\/v2\/posts\/46027\/revisions\/46034"}],"wp:attachment":[{"href":"https:\/\/www.crossprensa.com.ar\/news\/wp-json\/wp\/v2\/media?parent=46027"}],"wp:term":[{"taxonomy":"category","embeddable":true,"href":"https:\/\/www.crossprensa.com.ar\/news\/wp-json\/wp\/v2\/categories?post=46027"},{"taxonomy":"post_tag","embeddable":true,"href":"https:\/\/www.crossprensa.com.ar\/news\/wp-json\/wp\/v2\/tags?post=46027"}],"curies":[{"name":"wp","href":"https:\/\/api.w.org\/{rel}","templated":true}]}}