{"id":45936,"date":"2020-01-07T17:39:20","date_gmt":"2020-01-07T20:39:20","guid":{"rendered":"http:\/\/www.crossprensa.com.ar\/news\/?p=45936"},"modified":"2020-01-07T17:39:20","modified_gmt":"2020-01-07T20:39:20","slug":"luciano-benavides-lesionado","status":"publish","type":"post","link":"https:\/\/www.crossprensa.com.ar\/news\/luciano-benavides-lesionado\/dakar\/","title":{"rendered":"LUCIANO BENAVIDES, LESIONADO"},"content":{"rendered":"<p>El piloto salte\u00f1o de KTM nos cont\u00f3 en esta nota de audio que sufri\u00f3 un muy fuerte golpe en su mano izquierda en esta dur\u00edsima 3ra etapa de Dakar, cuando ven\u00eda en plena carrera pegado a Sam Sunderland, que es su compa\u00f1ero de equipo adem\u00e1s. En un determinado momento la rueda trasera de la KTM del brit\u00e1nico levanta con fuerza una piedra que pega en la mano del argentino, caus\u00e1ndole un intenso dolor que fue el motivo de que perdiera algunas posiciones al final de esta etapa marat\u00f3n.<\/p>\n<p><!--more--><\/p>\n<p>&nbsp;<\/p>\n<p><iframe style=\"border: none; overflow: hidden;\" src=\"https:\/\/www.facebook.com\/plugins\/video.php?href=https%3A%2F%2Fwww.facebook.com%2FCrossprensa%2Fvideos%2F532524390806520%2F&amp;show_text=0&amp;width=560\" width=\"560\" height=\"315\" frameborder=\"0\" scrolling=\"no\" allowfullscreen=\"allowfullscreen\"><\/iframe><\/p>\n","protected":false},"excerpt":{"rendered":"<p>El piloto salte\u00f1o de KTM nos cont\u00f3 en esta nota de audio que sufri\u00f3 un&#8230;<\/p>\n","protected":false},"author":2,"featured_media":0,"comment_status":"open","ping_status":"open","sticky":false,"template":"","format":"standard","meta":{"om_disable_all_campaigns":false,"_monsterinsights_skip_tracking":false,"_uf_show_specific_survey":0,"_uf_disable_surveys":false,"footnotes":""},"categories":[11,38],"tags":[],"class_list":["post-45936","post","type-post","status-publish","format-standard","hentry","category-dakar","category-hot-news"],"aioseo_notices":[],"_links":{"self":[{"href":"https:\/\/www.crossprensa.com.ar\/news\/wp-json\/wp\/v2\/posts\/45936","targetHints":{"allow":["GET"]}}],"collection":[{"href":"https:\/\/www.crossprensa.com.ar\/news\/wp-json\/wp\/v2\/posts"}],"about":[{"href":"https:\/\/www.crossprensa.com.ar\/news\/wp-json\/wp\/v2\/types\/post"}],"author":[{"embeddable":true,"href":"https:\/\/www.crossprensa.com.ar\/news\/wp-json\/wp\/v2\/users\/2"}],"replies":[{"embeddable":true,"href":"https:\/\/www.crossprensa.com.ar\/news\/wp-json\/wp\/v2\/comments?post=45936"}],"version-history":[{"count":1,"href":"https:\/\/www.crossprensa.com.ar\/news\/wp-json\/wp\/v2\/posts\/45936\/revisions"}],"predecessor-version":[{"id":45939,"href":"https:\/\/www.crossprensa.com.ar\/news\/wp-json\/wp\/v2\/posts\/45936\/revisions\/45939"}],"wp:attachment":[{"href":"https:\/\/www.crossprensa.com.ar\/news\/wp-json\/wp\/v2\/media?parent=45936"}],"wp:term":[{"taxonomy":"category","embeddable":true,"href":"https:\/\/www.crossprensa.com.ar\/news\/wp-json\/wp\/v2\/categories?post=45936"},{"taxonomy":"post_tag","embeddable":true,"href":"https:\/\/www.crossprensa.com.ar\/news\/wp-json\/wp\/v2\/tags?post=45936"}],"curies":[{"name":"wp","href":"https:\/\/api.w.org\/{rel}","templated":true}]}}