{"id":45921,"date":"2020-01-07T11:06:18","date_gmt":"2020-01-07T14:06:18","guid":{"rendered":"http:\/\/www.crossprensa.com.ar\/news\/?p=45921"},"modified":"2020-01-07T11:06:58","modified_gmt":"2020-01-07T14:06:58","slug":"dakar-kevin-benavides-cuenta-su-etapa","status":"publish","type":"post","link":"https:\/\/www.crossprensa.com.ar\/news\/dakar-kevin-benavides-cuenta-su-etapa\/dakar\/","title":{"rendered":"DAKAR &#8211; KEVIN BENAVIDES CUENTA SU ETAPA"},"content":{"rendered":"<p>Dur\u00edsima la etapa 3 de Dakar, con ca\u00eddas y lesionados. Pero para completar un d\u00eda complicado, tuvieron todos problemas de GPS de los que la organizaci\u00f3n se hizo cargo y se toma la clasificaci\u00f3n en el WP 53, pero esto ser\u00e1 nota aparte cuando se confirme la clasificaci\u00f3n final de motos. Ahora, Kevin cuenta lo que sucedi\u00f3 en esta etapa con largada y llegada en la moderna ciudad de Neom.<\/p>\n<p><!--more--><\/p>\n<p><iframe style=\"border: none; overflow: hidden;\" src=\"https:\/\/www.facebook.com\/plugins\/video.php?href=https%3A%2F%2Fwww.facebook.com%2FCrossprensa%2Fvideos%2F2411435002503049%2F&amp;show_text=0&amp;width=560\" width=\"560\" height=\"315\" frameborder=\"0\" scrolling=\"no\" allowfullscreen=\"allowfullscreen\"><\/iframe><\/p>\n","protected":false},"excerpt":{"rendered":"<p>Dur\u00edsima la etapa 3 de Dakar, con ca\u00eddas y lesionados. Pero para completar un d\u00eda&#8230;<\/p>\n","protected":false},"author":2,"featured_media":0,"comment_status":"open","ping_status":"open","sticky":false,"template":"","format":"standard","meta":{"om_disable_all_campaigns":false,"_monsterinsights_skip_tracking":false,"_uf_show_specific_survey":0,"_uf_disable_surveys":false,"footnotes":""},"categories":[11,38],"tags":[],"class_list":["post-45921","post","type-post","status-publish","format-standard","hentry","category-dakar","category-hot-news"],"aioseo_notices":[],"_links":{"self":[{"href":"https:\/\/www.crossprensa.com.ar\/news\/wp-json\/wp\/v2\/posts\/45921","targetHints":{"allow":["GET"]}}],"collection":[{"href":"https:\/\/www.crossprensa.com.ar\/news\/wp-json\/wp\/v2\/posts"}],"about":[{"href":"https:\/\/www.crossprensa.com.ar\/news\/wp-json\/wp\/v2\/types\/post"}],"author":[{"embeddable":true,"href":"https:\/\/www.crossprensa.com.ar\/news\/wp-json\/wp\/v2\/users\/2"}],"replies":[{"embeddable":true,"href":"https:\/\/www.crossprensa.com.ar\/news\/wp-json\/wp\/v2\/comments?post=45921"}],"version-history":[{"count":2,"href":"https:\/\/www.crossprensa.com.ar\/news\/wp-json\/wp\/v2\/posts\/45921\/revisions"}],"predecessor-version":[{"id":45924,"href":"https:\/\/www.crossprensa.com.ar\/news\/wp-json\/wp\/v2\/posts\/45921\/revisions\/45924"}],"wp:attachment":[{"href":"https:\/\/www.crossprensa.com.ar\/news\/wp-json\/wp\/v2\/media?parent=45921"}],"wp:term":[{"taxonomy":"category","embeddable":true,"href":"https:\/\/www.crossprensa.com.ar\/news\/wp-json\/wp\/v2\/categories?post=45921"},{"taxonomy":"post_tag","embeddable":true,"href":"https:\/\/www.crossprensa.com.ar\/news\/wp-json\/wp\/v2\/tags?post=45921"}],"curies":[{"name":"wp","href":"https:\/\/api.w.org\/{rel}","templated":true}]}}