{"id":45025,"date":"2019-10-16T18:53:30","date_gmt":"2019-10-16T21:53:30","guid":{"rendered":"http:\/\/www.crossprensa.com.ar\/news\/?p=45025"},"modified":"2019-10-16T18:53:30","modified_gmt":"2019-10-16T21:53:30","slug":"austin-forkner-operado","status":"publish","type":"post","link":"https:\/\/www.crossprensa.com.ar\/news\/austin-forkner-operado\/ama-motocross\/","title":{"rendered":"AUSTIN FORKNER OPERADO"},"content":{"rendered":"<p><span>Luego de una exitosa cirug\u00eda de rodilla en un ACL completamente desgarrado en un accidente de pr\u00e1ctica en el Supercross de Nashville que eso hizo que su temporada termine temprano.<\/span><\/p>\n<p><!--more--><\/p>\n<p><span>\u00a0<\/span><span>Austin Forkner<\/span><span>\u00a0pudo volver a subirse a la moto en septiembre. Forkner anunci\u00f3 en su Instagram que recientemente se someti\u00f3 a una cirug\u00eda en su brazo para solucionar un problema nervioso que posiblemente se debi\u00f3 a un accidente en el que se lastim\u00f3 la mu\u00f1eca hace varios a\u00f1os.<\/span><\/p>\n<p><span>&#8220;As\u00ed esto apesta, pero hace un par de meses not\u00e9 que mis dedos se sent\u00edan raros \/ realmente no funcionaban bien. Luego, cuando comenc\u00e9 a andar de nuevo, pude notar a\u00fan m\u00e1s que algo no estaba bien. Result\u00f3 que ten\u00eda un problema nervioso &#8230; De cualquier manera, tuve que arreglarlo y me operaron hace unos d\u00edas &#8220;.<\/span><\/p>\n<p><span>Forkner dijo en la publicaci\u00f3n que se espera que tenga &#8220;unas pocas semanas fuera de la moto&#8221;.<\/span><\/p>\n<p>A continuaci\u00f3n se muestra su publicaci\u00f3n completa:<\/p>\n<p>https:\/\/www.instagram.com\/p\/B3c4AQPh2r8\/?utm_source=ig_embed&#038;utm_campaign=dlfix<\/p>\n<h4><span style=\"color: #ff0000;\"><strong>Nota: FERMIN GUTIERREZ<\/strong><\/span><\/h4>\n","protected":false},"excerpt":{"rendered":"<p>Luego de una exitosa cirug\u00eda de rodilla en un ACL completamente desgarrado en un accidente&#8230;<\/p>\n","protected":false},"author":2,"featured_media":45030,"comment_status":"open","ping_status":"open","sticky":false,"template":"","format":"standard","meta":{"om_disable_all_campaigns":false,"_monsterinsights_skip_tracking":false,"_monsterinsights_sitenote_active":false,"_monsterinsights_sitenote_note":"","_monsterinsights_sitenote_category":0,"_uf_show_specific_survey":0,"_uf_disable_surveys":false,"footnotes":""},"categories":[25,30],"tags":[],"class_list":["post-45025","post","type-post","status-publish","format-standard","has-post-thumbnail","hentry","category-ama-motocross","category-ama-supercross"],"aioseo_notices":[],"_links":{"self":[{"href":"https:\/\/www.crossprensa.com.ar\/news\/wp-json\/wp\/v2\/posts\/45025","targetHints":{"allow":["GET"]}}],"collection":[{"href":"https:\/\/www.crossprensa.com.ar\/news\/wp-json\/wp\/v2\/posts"}],"about":[{"href":"https:\/\/www.crossprensa.com.ar\/news\/wp-json\/wp\/v2\/types\/post"}],"author":[{"embeddable":true,"href":"https:\/\/www.crossprensa.com.ar\/news\/wp-json\/wp\/v2\/users\/2"}],"replies":[{"embeddable":true,"href":"https:\/\/www.crossprensa.com.ar\/news\/wp-json\/wp\/v2\/comments?post=45025"}],"version-history":[{"count":1,"href":"https:\/\/www.crossprensa.com.ar\/news\/wp-json\/wp\/v2\/posts\/45025\/revisions"}],"predecessor-version":[{"id":45031,"href":"https:\/\/www.crossprensa.com.ar\/news\/wp-json\/wp\/v2\/posts\/45025\/revisions\/45031"}],"wp:featuredmedia":[{"embeddable":true,"href":"https:\/\/www.crossprensa.com.ar\/news\/wp-json\/wp\/v2\/media\/45030"}],"wp:attachment":[{"href":"https:\/\/www.crossprensa.com.ar\/news\/wp-json\/wp\/v2\/media?parent=45025"}],"wp:term":[{"taxonomy":"category","embeddable":true,"href":"https:\/\/www.crossprensa.com.ar\/news\/wp-json\/wp\/v2\/categories?post=45025"},{"taxonomy":"post_tag","embeddable":true,"href":"https:\/\/www.crossprensa.com.ar\/news\/wp-json\/wp\/v2\/tags?post=45025"}],"curies":[{"name":"wp","href":"https:\/\/api.w.org\/{rel}","templated":true}]}}