{"id":44969,"date":"2019-10-12T10:54:49","date_gmt":"2019-10-12T13:54:49","guid":{"rendered":"http:\/\/www.crossprensa.com.ar\/news\/?p=44969"},"modified":"2019-10-12T10:54:49","modified_gmt":"2019-10-12T13:54:49","slug":"ktm-usa-presentacion-del-equipo","status":"publish","type":"post","link":"https:\/\/www.crossprensa.com.ar\/news\/ktm-usa-presentacion-del-equipo\/ama-motocross\/","title":{"rendered":"KTM USA: PRESENTACI\u00d3N DEL EQUIPO"},"content":{"rendered":"<p>Sin dudas que KTM ha logrado concentrar la atenci\u00f3n internacional donde sea que presente sus equipos del MXGP, DAKAR o como en este caso con el AMA SUPERCROSS\/MOTOCROSS. La superioridad que mostraron en cada a\u00f1o que se han presentado, no hace mas que acrecentar la expectativa para saber quienes ser\u00e1n los pilotos privilegiados en manejar las motos austr\u00edacas. Ac\u00e1 te lo contamos&#8230;<\/p>\n<p><!--more--><\/p>\n<p><img fetchpriority=\"high\" decoding=\"async\" class=\"alignnone wp-image-44971 size-full\" src=\"http:\/\/www.crossprensa.com.ar\/news\/wp-content\/uploads\/2019\/10\/Sin-t\u00edtulo-1.jpg\" alt=\"\" width=\"2045\" height=\"218\" \/><\/p>\n<p><strong>Red Bull KTM:\u00a0<\/strong><\/p>\n<p>Cooper Webb<\/p>\n<p>Marvin Musquin<\/p>\n<p><strong>Rocky Mountain WPS KTM<\/strong><\/p>\n<p>Blake Baggett<\/p>\n<p>Justin Bogle<\/p>\n<p><strong>Team TLD-Red Bull-KTM<\/strong><\/p>\n<p>Derek Drake<br \/>\nPierce Brown<br \/>\nBrian Moreau<br \/>\nBrandon Hartranft<\/p>\n<p>Video: Swapmoto Live<\/p>\n<p><iframe title=\"2020 KTM Factory Racing Team Intro | RAW Footage\" width=\"640\" height=\"360\" src=\"https:\/\/www.youtube.com\/embed\/FqbGKfmw4EQ?feature=oembed\" frameborder=\"0\" allow=\"accelerometer; autoplay; clipboard-write; encrypted-media; gyroscope; picture-in-picture; web-share\" referrerpolicy=\"strict-origin-when-cross-origin\" allowfullscreen><\/iframe><\/p>\n","protected":false},"excerpt":{"rendered":"<p>Sin dudas que KTM ha logrado concentrar la atenci\u00f3n internacional donde sea que presente sus&#8230;<\/p>\n","protected":false},"author":2,"featured_media":0,"comment_status":"open","ping_status":"open","sticky":false,"template":"","format":"standard","meta":{"om_disable_all_campaigns":false,"_monsterinsights_skip_tracking":false,"_monsterinsights_sitenote_active":false,"_monsterinsights_sitenote_note":"","_monsterinsights_sitenote_category":0,"_uf_show_specific_survey":0,"_uf_disable_surveys":false,"footnotes":""},"categories":[25,30,38],"tags":[],"class_list":["post-44969","post","type-post","status-publish","format-standard","hentry","category-ama-motocross","category-ama-supercross","category-hot-news"],"aioseo_notices":[],"_links":{"self":[{"href":"https:\/\/www.crossprensa.com.ar\/news\/wp-json\/wp\/v2\/posts\/44969","targetHints":{"allow":["GET"]}}],"collection":[{"href":"https:\/\/www.crossprensa.com.ar\/news\/wp-json\/wp\/v2\/posts"}],"about":[{"href":"https:\/\/www.crossprensa.com.ar\/news\/wp-json\/wp\/v2\/types\/post"}],"author":[{"embeddable":true,"href":"https:\/\/www.crossprensa.com.ar\/news\/wp-json\/wp\/v2\/users\/2"}],"replies":[{"embeddable":true,"href":"https:\/\/www.crossprensa.com.ar\/news\/wp-json\/wp\/v2\/comments?post=44969"}],"version-history":[{"count":1,"href":"https:\/\/www.crossprensa.com.ar\/news\/wp-json\/wp\/v2\/posts\/44969\/revisions"}],"predecessor-version":[{"id":44980,"href":"https:\/\/www.crossprensa.com.ar\/news\/wp-json\/wp\/v2\/posts\/44969\/revisions\/44980"}],"wp:attachment":[{"href":"https:\/\/www.crossprensa.com.ar\/news\/wp-json\/wp\/v2\/media?parent=44969"}],"wp:term":[{"taxonomy":"category","embeddable":true,"href":"https:\/\/www.crossprensa.com.ar\/news\/wp-json\/wp\/v2\/categories?post=44969"},{"taxonomy":"post_tag","embeddable":true,"href":"https:\/\/www.crossprensa.com.ar\/news\/wp-json\/wp\/v2\/tags?post=44969"}],"curies":[{"name":"wp","href":"https:\/\/api.w.org\/{rel}","templated":true}]}}