{"id":44793,"date":"2019-10-01T17:48:47","date_gmt":"2019-10-01T20:48:47","guid":{"rendered":"http:\/\/www.crossprensa.com.ar\/news\/?p=44793"},"modified":"2019-10-01T17:48:47","modified_gmt":"2019-10-01T20:48:47","slug":"rj-hampshire-con-husqvarna-en-2020","status":"publish","type":"post","link":"https:\/\/www.crossprensa.com.ar\/news\/rj-hampshire-con-husqvarna-en-2020\/ama-motocross\/","title":{"rendered":"RJ HAMPSHIRE CON HUSQVARNA EN 2020"},"content":{"rendered":"<p><span>Como se inform\u00f3 anteriormente,\u00a0<\/span><span>RJ Hampshire<\/span><span>\u00a0ha firmado un acuerdo de dos a\u00f1os con Rockstar Energy Husqvarna a partir de 2020, anunci\u00f3 hoy el equipo.\u00a0<\/span><span>Despu\u00e9s de la conclusi\u00f3n del Campeonato de Motocross Pro AMA Lucas Oil, Hampshire\u00a0<\/span><span>confirm\u00f3 su salida<\/span><span>\u00a0del equipo.<\/span><\/p>\n<p><!--more--><\/p>\n<p><span>&#8220;La decisi\u00f3n m\u00e1s dif\u00edcil que he tenido que tomar en mi carrera&#8221;, escribi\u00f3 en ese momento.\u00a0\u201cMi tiempo de correr para H<\/span><span>onda<\/span><span>\u00a0ha llegado a su fin.\u00a0Este equipo se ha convertido en una familia para m\u00ed y siempre estar\u00e1 agradecido por los \u00faltimos 5 a\u00f1os y medio que pasamos juntos.\u00a0Gracias Ziggy, Jeff y Mike por arriesgarse y creer en m\u00ed en cada paso del camino.\u00a0El apoyo siempre estuvo ah\u00ed y apreciar\u00e9 los recuerdos y los logros que pudimos compartir juntos.\u00a0\u00a1No deseo nada m\u00e1s que lo mejor para este equipo, los patrocinadores y todos los que han estado involucrados en este tiempo!\u00a0Ha sido un honor, GRACIAS &#8220;.<\/span><\/p>\n<p><span>Hampshire firm\u00f3 con el equipo como aficionado y gan\u00f3 el Premio AMY Horizon Nicky Hayden 2014 antes de hacer su debut profesional en Unadilla ese mismo a\u00f1o.\u00a0Ha pasado toda su carrera con el equipo.<\/span><\/p>\n<p><span>&#8220;Grandes cambios para m\u00ed esta temporada baja, lo que trae mucha emoci\u00f3n y motivaci\u00f3n&#8221;, dijo en un comunicado.\u00a0&#8220;Todos han sido geniales y estoy muy impresionado con el Husqvarna FC 250, la moto parece encajar bien con mi estilo de conducci\u00f3n y estoy muy agradecido por esta oportunidad. Las expectativas son altas para m\u00ed y para el equipo, estamos ansiosos por esto&#8221;. \u00a1nuevo comienzo!&#8221;<\/span><\/p>\n<p><span>&#8220;Estamos ansiosos por trabajar con RJ durante las pr\u00f3ximas dos temporadas&#8221;, dijo el gerente del equipo Bobby Hewitt.\u00a0&#8220;Es un piloto experimentado con un gran potencial y esperamos un futuro brillante con \u00e9l y el equipo Rockstar Energy Husqvarna Factory Racing&#8221;.<\/span><\/p>\n<p><span>En su \u00faltimo a\u00f1o con GEICO, Hampshire termin\u00f3 cuarto en general en la Regi\u00f3n Oeste de Monster Energy AMA Supercross 250SX y el Campeonato de Motocross Pro Lucas Oil AMA.<\/span><\/p>\n","protected":false},"excerpt":{"rendered":"<p>Como se inform\u00f3 anteriormente,\u00a0RJ Hampshire\u00a0ha firmado un acuerdo de dos a\u00f1os con Rockstar Energy Husqvarna&#8230;<\/p>\n","protected":false},"author":2,"featured_media":0,"comment_status":"open","ping_status":"open","sticky":false,"template":"","format":"standard","meta":{"om_disable_all_campaigns":false,"_monsterinsights_skip_tracking":false,"_monsterinsights_sitenote_active":false,"_monsterinsights_sitenote_note":"","_monsterinsights_sitenote_category":0,"_uf_show_specific_survey":0,"_uf_disable_surveys":false,"footnotes":""},"categories":[25,30],"tags":[],"class_list":["post-44793","post","type-post","status-publish","format-standard","hentry","category-ama-motocross","category-ama-supercross"],"aioseo_notices":[],"_links":{"self":[{"href":"https:\/\/www.crossprensa.com.ar\/news\/wp-json\/wp\/v2\/posts\/44793","targetHints":{"allow":["GET"]}}],"collection":[{"href":"https:\/\/www.crossprensa.com.ar\/news\/wp-json\/wp\/v2\/posts"}],"about":[{"href":"https:\/\/www.crossprensa.com.ar\/news\/wp-json\/wp\/v2\/types\/post"}],"author":[{"embeddable":true,"href":"https:\/\/www.crossprensa.com.ar\/news\/wp-json\/wp\/v2\/users\/2"}],"replies":[{"embeddable":true,"href":"https:\/\/www.crossprensa.com.ar\/news\/wp-json\/wp\/v2\/comments?post=44793"}],"version-history":[{"count":1,"href":"https:\/\/www.crossprensa.com.ar\/news\/wp-json\/wp\/v2\/posts\/44793\/revisions"}],"predecessor-version":[{"id":44795,"href":"https:\/\/www.crossprensa.com.ar\/news\/wp-json\/wp\/v2\/posts\/44793\/revisions\/44795"}],"wp:attachment":[{"href":"https:\/\/www.crossprensa.com.ar\/news\/wp-json\/wp\/v2\/media?parent=44793"}],"wp:term":[{"taxonomy":"category","embeddable":true,"href":"https:\/\/www.crossprensa.com.ar\/news\/wp-json\/wp\/v2\/categories?post=44793"},{"taxonomy":"post_tag","embeddable":true,"href":"https:\/\/www.crossprensa.com.ar\/news\/wp-json\/wp\/v2\/tags?post=44793"}],"curies":[{"name":"wp","href":"https:\/\/api.w.org\/{rel}","templated":true}]}}