{"id":44596,"date":"2019-09-20T21:55:14","date_gmt":"2019-09-21T00:55:14","guid":{"rendered":"http:\/\/www.crossprensa.com.ar\/news\/?p=44596"},"modified":"2019-09-20T21:55:14","modified_gmt":"2019-09-21T00:55:14","slug":"fran-menichetti-en-usa","status":"publish","type":"post","link":"https:\/\/www.crossprensa.com.ar\/news\/fran-menichetti-en-usa\/ama-motocross\/","title":{"rendered":"FRAN MENICHETTI EN USA"},"content":{"rendered":"<p>Un fin de semana diferente e intenso para el piloto de R\u00edo IV, Francisco Menichetti. Estar\u00e1 corriendo en Diamondback, pegado a Gatorback (Tanto es as\u00ed que comparten la zona de boxes GIGANTE), y lo estar\u00e1 haciendo en las categor\u00edas 65cc. 9-11 \/ 10-11 con una KTM Pro Circuit.<\/p>\n<p><!--more--><\/p>\n<p>Durante todo el fin de semana vamos a tener la informaci\u00f3n al instante como siempre lo hace Crossprensa. Sin\u00f3 donde lo vas a ver primero?<\/p>\n<p><a href=\"https:\/\/www.facebook.com\/WinnersportMX\/\"><img fetchpriority=\"high\" decoding=\"async\" class=\"alignnone wp-image-44083 size-full\" src=\"http:\/\/www.crossprensa.com.ar\/news\/wp-content\/uploads\/2019\/08\/Sin-t\u00edtulo-12-1.jpg\" alt=\"\" width=\"2044\" height=\"215\" \/><\/a><\/p>\n<p><img decoding=\"async\" class=\"alignnone wp-image-44598 size-full\" src=\"http:\/\/www.crossprensa.com.ar\/news\/wp-content\/uploads\/2019\/09\/z230larmundarg111.jpg\" alt=\"\" width=\"1032\" height=\"581\" \/><\/p>\n","protected":false},"excerpt":{"rendered":"<p>Un fin de semana diferente e intenso para el piloto de R\u00edo IV, Francisco Menichetti&#8230;.<\/p>\n","protected":false},"author":2,"featured_media":44597,"comment_status":"open","ping_status":"open","sticky":false,"template":"","format":"standard","meta":{"om_disable_all_campaigns":false,"_monsterinsights_skip_tracking":false,"_monsterinsights_sitenote_active":false,"_monsterinsights_sitenote_note":"","_monsterinsights_sitenote_category":0,"_uf_show_specific_survey":0,"_uf_disable_surveys":false,"footnotes":""},"categories":[25,38],"tags":[],"class_list":["post-44596","post","type-post","status-publish","format-standard","has-post-thumbnail","hentry","category-ama-motocross","category-hot-news"],"aioseo_notices":[],"_links":{"self":[{"href":"https:\/\/www.crossprensa.com.ar\/news\/wp-json\/wp\/v2\/posts\/44596","targetHints":{"allow":["GET"]}}],"collection":[{"href":"https:\/\/www.crossprensa.com.ar\/news\/wp-json\/wp\/v2\/posts"}],"about":[{"href":"https:\/\/www.crossprensa.com.ar\/news\/wp-json\/wp\/v2\/types\/post"}],"author":[{"embeddable":true,"href":"https:\/\/www.crossprensa.com.ar\/news\/wp-json\/wp\/v2\/users\/2"}],"replies":[{"embeddable":true,"href":"https:\/\/www.crossprensa.com.ar\/news\/wp-json\/wp\/v2\/comments?post=44596"}],"version-history":[{"count":1,"href":"https:\/\/www.crossprensa.com.ar\/news\/wp-json\/wp\/v2\/posts\/44596\/revisions"}],"predecessor-version":[{"id":44599,"href":"https:\/\/www.crossprensa.com.ar\/news\/wp-json\/wp\/v2\/posts\/44596\/revisions\/44599"}],"wp:featuredmedia":[{"embeddable":true,"href":"https:\/\/www.crossprensa.com.ar\/news\/wp-json\/wp\/v2\/media\/44597"}],"wp:attachment":[{"href":"https:\/\/www.crossprensa.com.ar\/news\/wp-json\/wp\/v2\/media?parent=44596"}],"wp:term":[{"taxonomy":"category","embeddable":true,"href":"https:\/\/www.crossprensa.com.ar\/news\/wp-json\/wp\/v2\/categories?post=44596"},{"taxonomy":"post_tag","embeddable":true,"href":"https:\/\/www.crossprensa.com.ar\/news\/wp-json\/wp\/v2\/tags?post=44596"}],"curies":[{"name":"wp","href":"https:\/\/api.w.org\/{rel}","templated":true}]}}