{"id":44585,"date":"2019-09-19T13:12:48","date_gmt":"2019-09-19T16:12:48","guid":{"rendered":"http:\/\/www.crossprensa.com.ar\/news\/?p=44585"},"modified":"2019-09-19T13:12:48","modified_gmt":"2019-09-19T16:12:48","slug":"santa-fe-los-anos-80-viven","status":"publish","type":"post","link":"https:\/\/www.crossprensa.com.ar\/news\/santa-fe-los-anos-80-viven\/vintage\/","title":{"rendered":"SANTA FE. Los a\u00f1os 80 viven&#8230;"},"content":{"rendered":"<p>Y obvio que viven. FUERTE viven, porque con el mismo entusiasmo que se encaraban ir a las carreras, se espera este S\u00e1bado reunir un grupo de mas de 50 pilotos de la \u00e9poca, tanto de esta provincia como de provincias vecinas, para un almuerzo recordando y reviviendo muchas luchas MX!<\/p>\n<p>Y donde? como siempre, como Crossprensa. Al lado de la pista&#8230;<\/p>\n<p><!--more--><\/p>\n<p>La convocatoria no falla. Hasta los protagonistas de esa foto van a estar presentes, en la misma curva, con una enorme nostalgia, tan grande como la sonrisa que volver\u00e1n a tener.<\/p>\n<p>Este S\u00e1bado, desde el mediod\u00eda, vamos a transmitir en vivo un encuentro que ojal\u00e1 se multiplique en todo el pa\u00eds, en cada lugar especial, para que ning\u00fan piloto sea olvidado, y las carreras tampoco.<\/p>\n<p>Quiero agradecer a quienes nos hicieron parte desde el principio y les recomiendo a los que les guste escuchar historias de Motocross, que se enganchen en la transmisi\u00f3n. O se lo van a perder?<\/p>\n","protected":false},"excerpt":{"rendered":"<p>Y obvio que viven. FUERTE viven, porque con el mismo entusiasmo que se encaraban ir&#8230;<\/p>\n","protected":false},"author":2,"featured_media":44586,"comment_status":"open","ping_status":"open","sticky":false,"template":"","format":"standard","meta":{"om_disable_all_campaigns":false,"_monsterinsights_skip_tracking":false,"_monsterinsights_sitenote_active":false,"_monsterinsights_sitenote_note":"","_monsterinsights_sitenote_category":0,"_uf_show_specific_survey":0,"_uf_disable_surveys":false,"footnotes":""},"categories":[38,57,14],"tags":[],"class_list":["post-44585","post","type-post","status-publish","format-standard","has-post-thumbnail","hentry","category-hot-news","category-motocross","category-vintage"],"aioseo_notices":[],"_links":{"self":[{"href":"https:\/\/www.crossprensa.com.ar\/news\/wp-json\/wp\/v2\/posts\/44585","targetHints":{"allow":["GET"]}}],"collection":[{"href":"https:\/\/www.crossprensa.com.ar\/news\/wp-json\/wp\/v2\/posts"}],"about":[{"href":"https:\/\/www.crossprensa.com.ar\/news\/wp-json\/wp\/v2\/types\/post"}],"author":[{"embeddable":true,"href":"https:\/\/www.crossprensa.com.ar\/news\/wp-json\/wp\/v2\/users\/2"}],"replies":[{"embeddable":true,"href":"https:\/\/www.crossprensa.com.ar\/news\/wp-json\/wp\/v2\/comments?post=44585"}],"version-history":[{"count":1,"href":"https:\/\/www.crossprensa.com.ar\/news\/wp-json\/wp\/v2\/posts\/44585\/revisions"}],"predecessor-version":[{"id":44587,"href":"https:\/\/www.crossprensa.com.ar\/news\/wp-json\/wp\/v2\/posts\/44585\/revisions\/44587"}],"wp:featuredmedia":[{"embeddable":true,"href":"https:\/\/www.crossprensa.com.ar\/news\/wp-json\/wp\/v2\/media\/44586"}],"wp:attachment":[{"href":"https:\/\/www.crossprensa.com.ar\/news\/wp-json\/wp\/v2\/media?parent=44585"}],"wp:term":[{"taxonomy":"category","embeddable":true,"href":"https:\/\/www.crossprensa.com.ar\/news\/wp-json\/wp\/v2\/categories?post=44585"},{"taxonomy":"post_tag","embeddable":true,"href":"https:\/\/www.crossprensa.com.ar\/news\/wp-json\/wp\/v2\/tags?post=44585"}],"curies":[{"name":"wp","href":"https:\/\/api.w.org\/{rel}","templated":true}]}}