{"id":44537,"date":"2019-09-14T01:11:34","date_gmt":"2019-09-14T04:11:34","guid":{"rendered":"http:\/\/www.crossprensa.com.ar\/news\/?p=44537"},"modified":"2019-09-14T01:11:34","modified_gmt":"2019-09-14T04:11:34","slug":"chase-sexton-al-hrc-en-usa","status":"publish","type":"post","link":"https:\/\/www.crossprensa.com.ar\/news\/chase-sexton-al-hrc-en-usa\/ama-motocross\/","title":{"rendered":"Chase Sexton al HRC en USA."},"content":{"rendered":"<p>Muchas cosas se especularon sobre qui\u00e9n se sentar\u00eda en la segunda moto de HRC durante los \u00faltimos meses. Despu\u00e9s del anuncio del retiro de Coole Seely, obviamente un piloto nuevo se estaba esperando&#8230;<\/p>\n<p>Ahora anunci\u00f3 que Chase Sexton se unir\u00e1 al equipo cuando comience el campeonato 2020 del AMA Motocross, pero para el 250SX West estar\u00e1 con GEICO Honda. Es parte de un gran contrato para Sexton, que estar\u00e1 con Honda hasta el final de 2023.<\/p>\n<p><!--more--><\/p>\n<p>Dijo Chase Sexton:<\/p>\n<p>\u00abEstoy muy emocionado de unirme al Team Honda HRC. Factory Honda, es un equipo en el que he so\u00f1ado desde que era un ni\u00f1o, por lo que tener esta oportunidad es sinceramente un sue\u00f1o hecho realidad. Estoy ansioso por comenzar este trabajo con ellos, y creo que ser\u00e1 exitoso. Creo que la CRF450R se me adapta bien porque soy un tipo grande y la s\u00e9 llevar bien. A\u00fan as\u00ed, 2020 ser\u00e1 un a\u00f1o de aprendizaje seguro. Voy a ser el novato en 450, y ser\u00e1 bueno tener una serie Outdoor\u00a0 en mi haber para prepararme para una serie completa de 17 fechas de Supercross en 2021. Tambi\u00e9n estoy deseando ser compa\u00f1ero de equipo con Ken. Somos muy buenos amigos y entrenamos juntos todos los d\u00edas, as\u00ed que creo que esto nos empujar\u00e1 a los dos y nos llevar\u00e1 al siguiente nivel. No se puede pedir un mejor tipo bajo la carpa, con su velocidad y conocimiento \u00ab.<\/p>\n<p>Aunque Sexton competir\u00e1 con una CRF250R en el campeonato AMA SX\u00a02020, pasar\u00e1 a 450SX con Honda HRC en 2021. Es este es un gran ejemplo de c\u00f3mo funciona la estructura de Honda, ya que ha ido escalando desde la plataforma amateur de Amsoil Honda a GEICO Honda en el ranking profesional y alcanzar\u00e1 la cima del deporte con el equipo de oficial. El copropietario del equipo GEICO, Jeff Majkrzak, estaba dispuesto a se\u00f1alar esto en una declaraci\u00f3n del equipo.<\/p>\n<blockquote><p>\u00abEstamos muy contentos de ver a Chase tener esta oportunidad. Comenz\u00f3 con nosotros en nuestro programa amateur Amsoil Honda y pas\u00f3 al GEICO Honda cuando se convirti\u00f3 en profesional, y ha sido un placer trabajar con \u00e9l todo el tiempo. Ha crecido mucho en el \u00faltimo a\u00f1o m\u00e1s o menos, y se ha ganado el siguiente paso en su carrera. Esperamos con inter\u00e9s trabajar con \u00e9l durante su serie final 250SX, y luego verlo progresar en 450s.&#8221;<\/p><\/blockquote>\n<p>Sexton no comenzar\u00e1 con Honda HRC hasta la primera fecha del AMA Motocross 2020, entonces, \u00bfqui\u00e9n estar\u00e1 junto a Ken Roczen en el campeonato AMA Supercross\u00a02020? Justin Brayton!.<\/p>\n","protected":false},"excerpt":{"rendered":"<p>Muchas cosas se especularon sobre qui\u00e9n se sentar\u00eda en la segunda moto de HRC durante&#8230;<\/p>\n","protected":false},"author":2,"featured_media":44538,"comment_status":"open","ping_status":"open","sticky":false,"template":"","format":"standard","meta":{"om_disable_all_campaigns":false,"_monsterinsights_skip_tracking":false,"_monsterinsights_sitenote_active":false,"_monsterinsights_sitenote_note":"","_monsterinsights_sitenote_category":0,"_uf_show_specific_survey":0,"_uf_disable_surveys":false,"footnotes":""},"categories":[25,30,38],"tags":[],"class_list":["post-44537","post","type-post","status-publish","format-standard","has-post-thumbnail","hentry","category-ama-motocross","category-ama-supercross","category-hot-news"],"aioseo_notices":[],"_links":{"self":[{"href":"https:\/\/www.crossprensa.com.ar\/news\/wp-json\/wp\/v2\/posts\/44537","targetHints":{"allow":["GET"]}}],"collection":[{"href":"https:\/\/www.crossprensa.com.ar\/news\/wp-json\/wp\/v2\/posts"}],"about":[{"href":"https:\/\/www.crossprensa.com.ar\/news\/wp-json\/wp\/v2\/types\/post"}],"author":[{"embeddable":true,"href":"https:\/\/www.crossprensa.com.ar\/news\/wp-json\/wp\/v2\/users\/2"}],"replies":[{"embeddable":true,"href":"https:\/\/www.crossprensa.com.ar\/news\/wp-json\/wp\/v2\/comments?post=44537"}],"version-history":[{"count":1,"href":"https:\/\/www.crossprensa.com.ar\/news\/wp-json\/wp\/v2\/posts\/44537\/revisions"}],"predecessor-version":[{"id":44539,"href":"https:\/\/www.crossprensa.com.ar\/news\/wp-json\/wp\/v2\/posts\/44537\/revisions\/44539"}],"wp:featuredmedia":[{"embeddable":true,"href":"https:\/\/www.crossprensa.com.ar\/news\/wp-json\/wp\/v2\/media\/44538"}],"wp:attachment":[{"href":"https:\/\/www.crossprensa.com.ar\/news\/wp-json\/wp\/v2\/media?parent=44537"}],"wp:term":[{"taxonomy":"category","embeddable":true,"href":"https:\/\/www.crossprensa.com.ar\/news\/wp-json\/wp\/v2\/categories?post=44537"},{"taxonomy":"post_tag","embeddable":true,"href":"https:\/\/www.crossprensa.com.ar\/news\/wp-json\/wp\/v2\/tags?post=44537"}],"curies":[{"name":"wp","href":"https:\/\/api.w.org\/{rel}","templated":true}]}}