{"id":44304,"date":"2019-08-29T17:41:30","date_gmt":"2019-08-29T20:41:30","guid":{"rendered":"http:\/\/www.crossprensa.com.ar\/news\/?p=44304"},"modified":"2019-08-29T17:41:30","modified_gmt":"2019-08-29T20:41:30","slug":"mx-en-trelew-que-linda-historia","status":"publish","type":"post","link":"https:\/\/www.crossprensa.com.ar\/news\/mx-en-trelew-que-linda-historia\/hot-news\/","title":{"rendered":"MX EN TRELEW&#8230; que linda historia!"},"content":{"rendered":"<p>Hablar del sur del Pa\u00eds en cualquier actividad que sea, sabemos de distancias, dificultades, fr\u00edo, viento, pisos que no son f\u00e1ciles de trabajar y muchas cosas que complicaron desde siempre mantener una regularidad en las carreras sobre todo. Pero esta vez, Trelew de la mano de un gran grupo de gente logr\u00f3 plasmar en el circuito ZONA MX una carrera con r\u00e9cord de pilotos y de p\u00fablico! eso habla claramente de las cosas bien hechas, de gente que reconoce el sacrificio que se hace por una pasi\u00f3n con el costo de una entrada, y MIL GRACIAS por haber confiado en Crossprensa para la difusi\u00f3n.<\/p>\n<p><!--more--><\/p>\n<p>En la foto de tapa, el caracter\u00edstico #9 de nuestro amigo Leo D\u00edaz que volvi\u00f3 a la victoria!<\/p>\n<p>Aqu\u00ed los resultados:<\/p>\n<p>50CC<\/p>\n<p>1 Agust\u00edn RAMOS<\/p>\n<p>2 Alexander RAMOS<\/p>\n<p>3 Luca PONTIGLIANO<\/p>\n<p>4 Valent\u00edn MORON<\/p>\n<p>5 Jerem\u00edas AUGSBUGER<\/p>\n<p>&nbsp;<\/p>\n<p>MX3<\/p>\n<p>1 Francisco CUART<\/p>\n<p>2 Lorenzo RAMOS<\/p>\n<p>3 Mat\u00edas RAMOS<\/p>\n<p>4 Gonzalo RUBIO<\/p>\n<p>5 Marcos LAUDONIO<\/p>\n<p>6 Lucas TEJADA<\/p>\n<p>7 Maicol UICICH<\/p>\n<p>8 Tom\u00e1s QUINTANA<\/p>\n<p>9 Ayrton ALBARI\u00d1O<\/p>\n<p>10 Nicol\u00e1s VALES<\/p>\n<p>11 Andr\u00e9s NAVARRO<\/p>\n<p>12 Adri\u00e1n SILVA<\/p>\n<p>13 Ger\u00f3nimo GARC\u00cdA<\/p>\n<p>14 Lucas VILLAFA\u00d1E<\/p>\n<p>&nbsp;<\/p>\n<p>85cc<\/p>\n<p>1 Ger\u00f3nimo GARCIA<\/p>\n<p>2 Santiago ALMENDRA<\/p>\n<p>3 Juan FERREIRO<\/p>\n<p>4 Valentino AG\u00dcERO<\/p>\n<p>5 Jerem\u00edas AUGSBURGER<\/p>\n<p><img fetchpriority=\"high\" decoding=\"async\" class=\"alignnone wp-image-44306 size-full\" src=\"http:\/\/www.crossprensa.com.ar\/news\/wp-content\/uploads\/2019\/08\/Sin-t\u00edtulo-z56.jpg\" alt=\"\" width=\"1280\" height=\"960\" srcset=\"https:\/\/www.crossprensa.com.ar\/news\/wp-content\/uploads\/2019\/08\/Sin-t\u00edtulo-z56.jpg 1280w, https:\/\/www.crossprensa.com.ar\/news\/wp-content\/uploads\/2019\/08\/Sin-t\u00edtulo-z56-300x225.jpg 300w, https:\/\/www.crossprensa.com.ar\/news\/wp-content\/uploads\/2019\/08\/Sin-t\u00edtulo-z56-768x576.jpg 768w, https:\/\/www.crossprensa.com.ar\/news\/wp-content\/uploads\/2019\/08\/Sin-t\u00edtulo-z56-533x400.jpg 533w\" sizes=\"(max-width: 1280px) 100vw, 1280px\" \/><\/p>\n<p>MX3 PRO<\/p>\n<p>1 Pablo CATENA<\/p>\n<p>2 Mart\u00edn LEON<\/p>\n<p>3 Fernando MATEO<\/p>\n<p>4 Gustavo RIVAS<\/p>\n<p>5 Pablo LACUNZA<\/p>\n<p>&nbsp;<\/p>\n<p>MASTER<\/p>\n<p>1 Pablo MARINI<\/p>\n<p>2 Alejandro TORRES<\/p>\n<p>3 Juan SANTILL\u00c1N<\/p>\n<p>4 Mauricio INGRAVAGLIO<\/p>\n<p>5 Santiago PICAYO<\/p>\n<p>6 Rom\u00e1n SANTILL\u00c1N<\/p>\n<p>7 Alberto RUBIO<\/p>\n<p>&nbsp;<\/p>\n<p>MX4<\/p>\n<p>1 Carlos VALES<\/p>\n<p>2 Fernando RAMOS<\/p>\n<p>3 Diego MONDINO<\/p>\n<p>4 Diego FERREIRO<\/p>\n<p>5 Gustavo ALBARRACIN<\/p>\n<p>6 Dalder BARRERA<\/p>\n<p>7 Fernando BIANCHI<\/p>\n<p>8 Omar PAZ<\/p>\n<p>9 Sebasti\u00e1n AG\u00dcERO<\/p>\n<p>10 Marcos ALVAREZ<\/p>\n<p>11 Tamara GARC\u00cdA<\/p>\n<p>12 Marcelo BRUNT<\/p>\n<p>13 Cristian CARRE\u00d1O<\/p>\n<p>14 Jos\u00e9 GRASSO<\/p>\n<p>&nbsp;<\/p>\n<p>MX 2<\/p>\n<p>1 Luciano LARROZA<\/p>\n<p>2 Valent\u00edn RAM\u00cdREZ<\/p>\n<p>3 Emanuel MORON<\/p>\n<p>4 Paul PERUZOTTI<\/p>\n<p>&nbsp;<\/p>\n<p>MX 1<\/p>\n<p>1 Leonardo D\u00cdAZ<\/p>\n<p>2 Mat\u00edas VEGA<\/p>\n<p>3 Leandro AGUILAR<\/p>\n<p>4 Cristian BOZZINI<\/p>\n<p>5 Leonardo PONTIGLIANO<\/p>\n<p>6 Patricio BERAZA<\/p>\n","protected":false},"excerpt":{"rendered":"<p>Hablar del sur del Pa\u00eds en cualquier actividad que sea, sabemos de distancias, dificultades, fr\u00edo,&#8230;<\/p>\n","protected":false},"author":2,"featured_media":44305,"comment_status":"open","ping_status":"open","sticky":false,"template":"","format":"standard","meta":{"om_disable_all_campaigns":false,"_monsterinsights_skip_tracking":false,"_monsterinsights_sitenote_active":false,"_monsterinsights_sitenote_note":"","_monsterinsights_sitenote_category":0,"_uf_show_specific_survey":0,"_uf_disable_surveys":false,"footnotes":""},"categories":[38,57],"tags":[],"class_list":["post-44304","post","type-post","status-publish","format-standard","has-post-thumbnail","hentry","category-hot-news","category-motocross"],"aioseo_notices":[],"_links":{"self":[{"href":"https:\/\/www.crossprensa.com.ar\/news\/wp-json\/wp\/v2\/posts\/44304","targetHints":{"allow":["GET"]}}],"collection":[{"href":"https:\/\/www.crossprensa.com.ar\/news\/wp-json\/wp\/v2\/posts"}],"about":[{"href":"https:\/\/www.crossprensa.com.ar\/news\/wp-json\/wp\/v2\/types\/post"}],"author":[{"embeddable":true,"href":"https:\/\/www.crossprensa.com.ar\/news\/wp-json\/wp\/v2\/users\/2"}],"replies":[{"embeddable":true,"href":"https:\/\/www.crossprensa.com.ar\/news\/wp-json\/wp\/v2\/comments?post=44304"}],"version-history":[{"count":1,"href":"https:\/\/www.crossprensa.com.ar\/news\/wp-json\/wp\/v2\/posts\/44304\/revisions"}],"predecessor-version":[{"id":44307,"href":"https:\/\/www.crossprensa.com.ar\/news\/wp-json\/wp\/v2\/posts\/44304\/revisions\/44307"}],"wp:featuredmedia":[{"embeddable":true,"href":"https:\/\/www.crossprensa.com.ar\/news\/wp-json\/wp\/v2\/media\/44305"}],"wp:attachment":[{"href":"https:\/\/www.crossprensa.com.ar\/news\/wp-json\/wp\/v2\/media?parent=44304"}],"wp:term":[{"taxonomy":"category","embeddable":true,"href":"https:\/\/www.crossprensa.com.ar\/news\/wp-json\/wp\/v2\/categories?post=44304"},{"taxonomy":"post_tag","embeddable":true,"href":"https:\/\/www.crossprensa.com.ar\/news\/wp-json\/wp\/v2\/tags?post=44304"}],"curies":[{"name":"wp","href":"https:\/\/api.w.org\/{rel}","templated":true}]}}