{"id":44281,"date":"2019-08-27T16:10:13","date_gmt":"2019-08-27T19:10:13","guid":{"rendered":"http:\/\/www.crossprensa.com.ar\/news\/?p=44281"},"modified":"2019-08-27T16:10:13","modified_gmt":"2019-08-27T19:10:13","slug":"mx-de-las-naciones-team-italia-raro-sin-cairoli","status":"publish","type":"post","link":"https:\/\/www.crossprensa.com.ar\/news\/mx-de-las-naciones-team-italia-raro-sin-cairoli\/mxgp\/","title":{"rendered":"MX DE LAS NACIONES: TEAM ITALIA! Raro sin Cairoli."},"content":{"rendered":"<p><span>Falta un mes para uno de los eventos m\u00e1s esperados del Motocross internacional: el Trofeo de las Naciones se llevar\u00e1 a cabo el 28 y 29 de septiembre en Assen, dentro de las instalaciones que de 2015 a 2018 albergaron el Campeonato Mundial.<\/span><\/p>\n<p><!--more--><\/p>\n<p><span>Italia se presentar\u00e1 al principio con un equipo joven e in\u00e9dito.\u00a0<\/span><strong><span>El comisionado t\u00e9cnico de la FMI (Federaci\u00f3n Motociclismo Italiana), Thomas Traversini, ha convocado a:<\/span><\/strong><\/p>\n<p><strong><span>Alessandro Lupino<\/span><\/strong><span>\u00a0.\u00a0Nacido en Viterbo el 15\/01\/1991.\u00a0Moto: Kawasaki.\u00a0Equipo: Gebben V Venrooy Kawasaki Racing.\u00a0Clase MXoN: OPEN<\/span><\/p>\n<p><strong><span>Ivo Monticelli<\/span><\/strong><span>\u00a0.\u00a0Naci\u00f3 en Ancona el 16\/08\/1994.\u00a0Moto: Ktm.\u00a0Equipo: Standing Construct.\u00a0Clase MXoN: MXGP<\/span><\/p>\n<p><strong><span>Alberto Forato<\/span><\/strong><span>\u00a0.\u00a0Nacido en Feltre (BL) el 30\/03\/2000.\u00a0Moto: Husqvarna.\u00a0Equipo: Maddii Racing.\u00a0Clase MXoN: MX2<\/span><\/p>\n<p><strong><span>Alessandro Lupino\u00a0<\/span><\/strong><span>\u00a0(en la foto de archivo) es el piloto m\u00e1s experimentado del equipo, particip\u00f3 en seis ediciones del eventoMXoN, mientras que\u00a0\u00a0<\/span><strong><span>Ivo Monticelli<\/span><\/strong><span>\u00a0\u00a0visti\u00f3 la Maglia Azzurra en 2015 en Ern\u00e9e, en Francia.\u00a0<\/span><strong><span>Alberto Forato<\/span><\/strong><span>\u00a0\u00a0debutar\u00e1 en la competencia.<\/span><\/p>\n<p><strong><span>Thomas Traversini, comisionado t\u00e9cnico de FMI:\u00a0<\/span><\/strong>\u00a0<em><span>\u201cEn Holanda haremos todo lo posible en una pista t\u00e9cnica con un fondo arenoso.\u00a0Los muchachos han mostrado un gran entusiasmo y estoy seguro de que tanto en la clasificaci\u00f3n como en la carrera competir\u00e1n con determinaci\u00f3n y pasi\u00f3n.\u00a0Considero a los Pa\u00edses Bajos y Francia como los equipos favoritos, y nuestro objetivo ser\u00e1 luchar con los mejores equipos.\u00a0Este a\u00f1o, Lupino y Monticelli demostraron que pueden ingresar al top 10 del MXGP mientras que Forato ha estado compitiendo por el Campeonato Europeo 250, un campeonato de alto nivel &#8220;.<\/span><\/em><\/p>\n<p>&nbsp;<\/p>\n","protected":false},"excerpt":{"rendered":"<p>Falta un mes para uno de los eventos m\u00e1s esperados del Motocross internacional: el Trofeo&#8230;<\/p>\n","protected":false},"author":2,"featured_media":44282,"comment_status":"open","ping_status":"open","sticky":false,"template":"","format":"standard","meta":{"om_disable_all_campaigns":false,"_monsterinsights_skip_tracking":false,"_monsterinsights_sitenote_active":false,"_monsterinsights_sitenote_note":"","_monsterinsights_sitenote_category":0,"_uf_show_specific_survey":0,"_uf_disable_surveys":false,"footnotes":""},"categories":[38,24],"tags":[],"class_list":["post-44281","post","type-post","status-publish","format-standard","has-post-thumbnail","hentry","category-hot-news","category-mxgp"],"aioseo_notices":[],"_links":{"self":[{"href":"https:\/\/www.crossprensa.com.ar\/news\/wp-json\/wp\/v2\/posts\/44281","targetHints":{"allow":["GET"]}}],"collection":[{"href":"https:\/\/www.crossprensa.com.ar\/news\/wp-json\/wp\/v2\/posts"}],"about":[{"href":"https:\/\/www.crossprensa.com.ar\/news\/wp-json\/wp\/v2\/types\/post"}],"author":[{"embeddable":true,"href":"https:\/\/www.crossprensa.com.ar\/news\/wp-json\/wp\/v2\/users\/2"}],"replies":[{"embeddable":true,"href":"https:\/\/www.crossprensa.com.ar\/news\/wp-json\/wp\/v2\/comments?post=44281"}],"version-history":[{"count":1,"href":"https:\/\/www.crossprensa.com.ar\/news\/wp-json\/wp\/v2\/posts\/44281\/revisions"}],"predecessor-version":[{"id":44283,"href":"https:\/\/www.crossprensa.com.ar\/news\/wp-json\/wp\/v2\/posts\/44281\/revisions\/44283"}],"wp:featuredmedia":[{"embeddable":true,"href":"https:\/\/www.crossprensa.com.ar\/news\/wp-json\/wp\/v2\/media\/44282"}],"wp:attachment":[{"href":"https:\/\/www.crossprensa.com.ar\/news\/wp-json\/wp\/v2\/media?parent=44281"}],"wp:term":[{"taxonomy":"category","embeddable":true,"href":"https:\/\/www.crossprensa.com.ar\/news\/wp-json\/wp\/v2\/categories?post=44281"},{"taxonomy":"post_tag","embeddable":true,"href":"https:\/\/www.crossprensa.com.ar\/news\/wp-json\/wp\/v2\/tags?post=44281"}],"curies":[{"name":"wp","href":"https:\/\/api.w.org\/{rel}","templated":true}]}}