{"id":44216,"date":"2019-08-22T12:40:05","date_gmt":"2019-08-22T15:40:05","guid":{"rendered":"http:\/\/www.crossprensa.com.ar\/news\/?p=44216"},"modified":"2019-08-22T12:40:05","modified_gmt":"2019-08-22T15:40:05","slug":"mx-sur-bs-as-en-trenque-lauquen","status":"publish","type":"post","link":"https:\/\/www.crossprensa.com.ar\/news\/mx-sur-bs-as-en-trenque-lauquen\/hot-news\/","title":{"rendered":"MX SUR BS. AS. EN TRENQUE LAUQUEN"},"content":{"rendered":"<p>&nbsp;<\/p>\n<p>Ser\u00eda redundante hablar del buen trabajo que hace Ricardo &#8220;El vasco&#8221; Sarag\u00fceta en cada carrera preparando cualquiera de sus dos circuitos. Esta vez, el Laguna Roja se eligi\u00f3 para la 5ta. fecha de este campeonato bonaerense que viene creciendo paso a paso y este pr\u00f3ximo fin de semana estar\u00e1 en Trenque Lauquen. Aqu\u00ed los campeonatos con 4 fechas disputadas.<\/p>\n<p><!--more--><\/p>\n<p>Foto de tapa: <strong><a href=\"https:\/\/fotocross.com.ar\/\">Diego Mu\u00f1oz.<\/a><\/strong><\/p>\n<p><img fetchpriority=\"high\" decoding=\"async\" class=\"alignnone wp-image-44217 size-full\" src=\"http:\/\/www.crossprensa.com.ar\/news\/wp-content\/uploads\/2019\/08\/Sin-t\u00edtulo-z40-1.jpg\" alt=\"\" width=\"885\" height=\"1280\" \/> <img decoding=\"async\" class=\"alignnone wp-image-44218 size-full\" src=\"http:\/\/www.crossprensa.com.ar\/news\/wp-content\/uploads\/2019\/08\/Sin-t\u00edtulo-z41-1.jpg\" alt=\"\" width=\"1280\" height=\"1108\" \/> <img decoding=\"async\" class=\"alignnone wp-image-44219 size-full\" src=\"http:\/\/www.crossprensa.com.ar\/news\/wp-content\/uploads\/2019\/08\/Sin-t\u00edtulo-z42-1.jpg\" alt=\"\" width=\"1071\" height=\"1280\" \/> <img loading=\"lazy\" decoding=\"async\" class=\"alignnone wp-image-44220 size-full\" src=\"http:\/\/www.crossprensa.com.ar\/news\/wp-content\/uploads\/2019\/08\/Sin-t\u00edtulo-z43.jpg\" alt=\"\" width=\"1048\" height=\"1280\" \/> <img loading=\"lazy\" decoding=\"async\" class=\"alignnone wp-image-44221 size-full\" src=\"http:\/\/www.crossprensa.com.ar\/news\/wp-content\/uploads\/2019\/08\/Sin-t\u00edtulo-z44.jpg\" alt=\"\" width=\"917\" height=\"1280\" \/><\/p>\n<p>&nbsp;<\/p>\n","protected":false},"excerpt":{"rendered":"<p>&nbsp; Ser\u00eda redundante hablar del buen trabajo que hace Ricardo &#8220;El vasco&#8221; Sarag\u00fceta en cada&#8230;<\/p>\n","protected":false},"author":2,"featured_media":44223,"comment_status":"open","ping_status":"open","sticky":false,"template":"","format":"standard","meta":{"om_disable_all_campaigns":false,"_monsterinsights_skip_tracking":false,"_monsterinsights_sitenote_active":false,"_monsterinsights_sitenote_note":"","_monsterinsights_sitenote_category":0,"_uf_show_specific_survey":0,"_uf_disable_surveys":false,"footnotes":""},"categories":[38,57],"tags":[],"class_list":["post-44216","post","type-post","status-publish","format-standard","has-post-thumbnail","hentry","category-hot-news","category-motocross"],"aioseo_notices":[],"_links":{"self":[{"href":"https:\/\/www.crossprensa.com.ar\/news\/wp-json\/wp\/v2\/posts\/44216","targetHints":{"allow":["GET"]}}],"collection":[{"href":"https:\/\/www.crossprensa.com.ar\/news\/wp-json\/wp\/v2\/posts"}],"about":[{"href":"https:\/\/www.crossprensa.com.ar\/news\/wp-json\/wp\/v2\/types\/post"}],"author":[{"embeddable":true,"href":"https:\/\/www.crossprensa.com.ar\/news\/wp-json\/wp\/v2\/users\/2"}],"replies":[{"embeddable":true,"href":"https:\/\/www.crossprensa.com.ar\/news\/wp-json\/wp\/v2\/comments?post=44216"}],"version-history":[{"count":2,"href":"https:\/\/www.crossprensa.com.ar\/news\/wp-json\/wp\/v2\/posts\/44216\/revisions"}],"predecessor-version":[{"id":44227,"href":"https:\/\/www.crossprensa.com.ar\/news\/wp-json\/wp\/v2\/posts\/44216\/revisions\/44227"}],"wp:featuredmedia":[{"embeddable":true,"href":"https:\/\/www.crossprensa.com.ar\/news\/wp-json\/wp\/v2\/media\/44223"}],"wp:attachment":[{"href":"https:\/\/www.crossprensa.com.ar\/news\/wp-json\/wp\/v2\/media?parent=44216"}],"wp:term":[{"taxonomy":"category","embeddable":true,"href":"https:\/\/www.crossprensa.com.ar\/news\/wp-json\/wp\/v2\/categories?post=44216"},{"taxonomy":"post_tag","embeddable":true,"href":"https:\/\/www.crossprensa.com.ar\/news\/wp-json\/wp\/v2\/tags?post=44216"}],"curies":[{"name":"wp","href":"https:\/\/api.w.org\/{rel}","templated":true}]}}