{"id":44185,"date":"2019-08-20T12:45:00","date_gmt":"2019-08-20T15:45:00","guid":{"rendered":"http:\/\/www.crossprensa.com.ar\/news\/?p=44185"},"modified":"2019-08-20T12:45:00","modified_gmt":"2019-08-20T15:45:00","slug":"mx-de-las-naciones-holanda-explota-vuelve-herlings","status":"publish","type":"post","link":"https:\/\/www.crossprensa.com.ar\/news\/mx-de-las-naciones-holanda-explota-vuelve-herlings\/mxon\/","title":{"rendered":"MX DE LAS NACIONES: HOLANDA EXPLOTA!!! VUELVE HERLINGS."},"content":{"rendered":"<p>Y tal como se los adelantamos hace unos d\u00edas atr\u00e1s, en la presentaci\u00f3n que se hizo hoy del equipo de los Pa\u00edses Bajos para el Motocross de Las Naciones, Holanda puso sobre la mesa un equipo que es candidato a la victoria sin lugar a dudas!<\/p>\n<p><!--more--><\/p>\n<p><span>Hoy se realiz\u00f3 una conferencia de prensa de presentaci\u00f3n en el\u00a0<\/span><strong><span>palacio<\/span><\/strong><span>\u00a0regional del\u00a0<strong>Parlamento de Drenthe<\/strong>\u00a0, Pa\u00edses Bajos, donde los\u00a0<\/span><strong><span>organizadores del Monster Energy FIM Motocross de Naciones 2019 Lee Van Dam y Theo Verdegem, el representante de Youthstream Guido Becchis<\/span><\/strong><span>\u00a0y pol\u00edticos locales como el\u00a0<\/span><strong><span>alcalde de Assen Marco Out y El diputado regional Sr. Tjisse Stelpstra<\/span><\/strong><span>\u00a0dieron m\u00e1s detalles sobre la\u00a0<\/span><sup><span>73\u00aa\u00a0<\/span><\/sup><span>\u00a0edici\u00f3n del Monster Energy FIM MXoN a los medios locales y nacionales.\u00a0<\/span><\/p>\n<p><!--more--><\/p>\n<p><span>Durante la conferencia tambi\u00e9n se present\u00f3 el Equipo de los Pa\u00edses Bajos;\u00a0Despu\u00e9s del gran logro\u00a0alcanzado por el\u00a0<\/span><strong><span>Equipo de Pa\u00edses Bajos<\/span><\/strong><span>\u00a0en el Monster Energy FIM MXoN 2018, la Federaci\u00f3n Holandesa tuvo el placer de presentar el team que se situ\u00f3 en el segundo escal\u00f3n del Podio en Red Bud;\u00a0<\/span><strong><span>El director del equipo, Patrice Assendelft,<\/span><\/strong><span>present\u00f3 a\u00a0<\/span><strong><span>Jeffrey Herlings<\/span><\/strong><span>\u00a0y\u00a0<\/span><strong><span>Glenn Coldenhoff<\/span><\/strong><span>\u00a0, dos de los mejores corredores holandeses.\u00a0Herlings, que se lesion\u00f3 y no corri\u00f3 durante la mayor parte del 2019, se est\u00e1 recuperando para estar en plena forma para el evento, mientras que Coldenhoff tiene una gran confianza esta temporada y especialmente despu\u00e9s de ganar su primer GP de la temporada en Imola.\u00a0<\/span><\/p>\n<p><span>El nuevo miembro del equipo ser\u00e1\u00a0<\/span><strong><span>Calvin Vlaanderen,<\/span><\/strong><span>\u00a0quien mostr\u00f3 una gran velocidad \u00faltimamente y la sorpresa de la temporada 2019, el joven piloto\u00a0<\/span><strong><span>Roan Van de Moosdijk<\/span><\/strong><span>\u00a0son los dos que definir\u00e1n qui\u00e9n estar\u00e1 oficialmente en MX2.\u00a0Los cuatro pilotos har\u00e1n algunas pruebas en pistas de arena profunda en los pr\u00f3ximos d\u00edas y el equipo final ser\u00e1 elegido y anunciado en breve.<\/span><\/p>\n<p><span>En 1954, la regi\u00f3n de Drenthe fue la sede del MXoN por primera vez y fue organizada por Motoclub Assen, desde ese momento el Equipo de Holanda termin\u00f3 en el podio de MXoN 13 veces, pero nunca se llev\u00f3 la victoria.\u00a0En 2016, el equipo de Holanda logr<\/span><span style=\"font-size: 1rem;\">\u00f3 su primer podio en m\u00e1s de 15 a\u00f1os, repitiendo el logro tanto en 2017 como en 2018. Est\u00e1n totalmente motivados para ganar su primer Monster Energy FIM MXoN en Assen este septiembre y hacer historia.\u00a0<\/span><\/p>\n<p>&nbsp;<\/p>\n","protected":false},"excerpt":{"rendered":"<p>Y tal como se los adelantamos hace unos d\u00edas atr\u00e1s, en la presentaci\u00f3n que se&#8230;<\/p>\n","protected":false},"author":2,"featured_media":0,"comment_status":"open","ping_status":"open","sticky":false,"template":"","format":"standard","meta":{"om_disable_all_campaigns":false,"_monsterinsights_skip_tracking":false,"_monsterinsights_sitenote_active":false,"_monsterinsights_sitenote_note":"","_monsterinsights_sitenote_category":0,"_uf_show_specific_survey":0,"_uf_disable_surveys":false,"footnotes":""},"categories":[38,33],"tags":[],"class_list":["post-44185","post","type-post","status-publish","format-standard","hentry","category-hot-news","category-mxon"],"aioseo_notices":[],"_links":{"self":[{"href":"https:\/\/www.crossprensa.com.ar\/news\/wp-json\/wp\/v2\/posts\/44185","targetHints":{"allow":["GET"]}}],"collection":[{"href":"https:\/\/www.crossprensa.com.ar\/news\/wp-json\/wp\/v2\/posts"}],"about":[{"href":"https:\/\/www.crossprensa.com.ar\/news\/wp-json\/wp\/v2\/types\/post"}],"author":[{"embeddable":true,"href":"https:\/\/www.crossprensa.com.ar\/news\/wp-json\/wp\/v2\/users\/2"}],"replies":[{"embeddable":true,"href":"https:\/\/www.crossprensa.com.ar\/news\/wp-json\/wp\/v2\/comments?post=44185"}],"version-history":[{"count":1,"href":"https:\/\/www.crossprensa.com.ar\/news\/wp-json\/wp\/v2\/posts\/44185\/revisions"}],"predecessor-version":[{"id":44187,"href":"https:\/\/www.crossprensa.com.ar\/news\/wp-json\/wp\/v2\/posts\/44185\/revisions\/44187"}],"wp:attachment":[{"href":"https:\/\/www.crossprensa.com.ar\/news\/wp-json\/wp\/v2\/media?parent=44185"}],"wp:term":[{"taxonomy":"category","embeddable":true,"href":"https:\/\/www.crossprensa.com.ar\/news\/wp-json\/wp\/v2\/categories?post=44185"},{"taxonomy":"post_tag","embeddable":true,"href":"https:\/\/www.crossprensa.com.ar\/news\/wp-json\/wp\/v2\/tags?post=44185"}],"curies":[{"name":"wp","href":"https:\/\/api.w.org\/{rel}","templated":true}]}}