{"id":43950,"date":"2019-08-08T15:04:20","date_gmt":"2019-08-08T18:04:20","guid":{"rendered":"http:\/\/www.crossprensa.com.ar\/news\/?p=43950"},"modified":"2019-08-08T15:04:20","modified_gmt":"2019-08-08T18:04:20","slug":"kawasaki-usa-no-corre-el-mxon","status":"publish","type":"post","link":"https:\/\/www.crossprensa.com.ar\/news\/kawasaki-usa-no-corre-el-mxon\/mxon\/","title":{"rendered":"KAWASAKI USA NO CORRE EL MXoN!"},"content":{"rendered":"<p><span>Con varios\u00a0<\/span><span>anuncios del equipo que se hicieron oficiales<\/span><span>\u00a0en las \u00faltimas semanas, y el anuncio oficial del Equipo de EE. UU. este fin de semana en el Unadilla National, Kawasaki anunci\u00f3 que el equipo no participar\u00e1 en el 2019 Motocross of Nations.\u00a0En un comunicado enviado hoy, el equipo dijo que &#8221; Kawasaki Racing Team ha informado a la AMA que el equipo y los corredores no ser\u00e1n considerados para el evento a finales de este a\u00f1o&#8221;.\u00a0<\/span><\/p>\n<p><!--more--><\/p>\n<p><span>Tomac, quien represent\u00f3 al equipo de EE. UU. En 2013 y 2014, represent\u00f3 al equipo por tercera vez el a\u00f1o pasado, cuando se uni\u00f3 a Justin Barcia y Aaron Plessinger en RedBud MX.\u00a0El equipo termin\u00f3 sexto en general, pero en enero, el\u00a0<\/span><span>equipo de Italia fue descalificado<\/span><span>\u00a0de la competencia despu\u00e9s de que una moto no cumpliera con el reglamento, llevando al equipo de EE. UU. Al quinto lugar.<\/span><\/p>\n<p><span>Kawasaki acaba de anunciar el martes que Cianciarulo pasar\u00e1\u00a0<\/span><span>a<\/span> <span>la <\/span><span>450<\/span><span>\u00a0para unirse a Tomac, quien\u00a0\u00a0<\/span><span>volvi\u00f3 a firmar<\/span><span> con el<\/span><span>equipo<\/span><span>\u00a0\u00a0en mayo, para 2020.<\/span><\/p>\n<p><span>A continuaci\u00f3n el comunicado completo:<\/span><\/p>\n<div class=\"attribution\">\n<p><span>No hay Motocross of Nations para Kawasaki Race Team en 2019<\/span><\/p>\n<p><span>Foothill Ranch, California (8 de agosto de 2019): recientemente, la AMA hizo contacto preliminar con varios equipos con respecto a la disponibilidad de corredores para el Motocross of Nations 2019 (MXoN).\u00a0Con base en los planes del equipo fuera de temporada, el equipo Kawasaki ha informado a la AMA que el equipo y los pilotos no ser\u00e1n considerados para la carrera a finales de este a\u00f1o.\u00a0<\/span><\/p>\n<p><span>Los corredores de Kawasaki, Eli Tomac y Adam Cianciarulo, expresaron su inter\u00e9s por separado en asistir a MXoN este a\u00f1o.\u00a0Despu\u00e9s de discutir los detalles de los planes fuera de temporada del equipo con cada piloto, ambos estuvieron de acuerdo con la decisi\u00f3n del equipo.\u00a0El equipo considerar\u00e1 las invitaciones de MXoN para los pilotos de su equipo en el futuro.<\/span><\/p>\n<p><span>Kawasaki continuar\u00e1 su b\u00fasqueda del \u00e9xito en los Campeonatos de Motocross AMA Pro 450MX y 250MX 2019 con Tomac y Cianciarulo, cada uno con el liderazgo en puntos y placas rojas en sus respectivas categor\u00edas en el Unadilla National en New Berlin, Nueva York, el s\u00e1bado 10 de agosto.<\/span><\/p>\n<p><span>&#8220;Ser elegido para representar a los Estados Unidos siempre es un honor&#8221;, dijo Tomac.\u00a0\u201cSoy un tipo patri\u00f3tico, as\u00ed que asistir a Motocross of Nations es algo que siempre espero y abrazo el desaf\u00edo de la carrera \u00fanica.\u00a0Sin embargo, despu\u00e9s de hablar con el equipo, entiendo y apoyo su razonamiento para no asistir este a\u00f1o.\u00a0Ganar Motocross of Nations es algo que todav\u00eda est\u00e1 en mi lista de &#8220;Faltantes&#8221;, pero mi prioridad en este momento es ganar un t\u00edtulo de Monster Energy Supercross &#8220;.<\/span><\/p>\n<p><span>&#8220;Ser\u00eda un honor incre\u00edble ser elegido para representar al Equipo de Estados Unidos&#8221;, dijo Cianciarulo. &#8220;Para m\u00ed, siempre ha sido algo que he visto y quer\u00eda ser elegido, pero entiendo la decisi\u00f3n del equipo y s\u00e9 que tengo mucho trabajo y nuevos desaf\u00edos por delante al pasar a la clase 450 &#8220;.<\/span><\/p>\n<p>Foto de tapa: N\u00e9stor Guti\u00e9rrez \/ MXoN 2018 &#8211; Red Bud.<\/p>\n<\/div>\n","protected":false},"excerpt":{"rendered":"<p>Con varios\u00a0anuncios del equipo que se hicieron oficiales\u00a0en las \u00faltimas semanas, y el anuncio oficial&#8230;<\/p>\n","protected":false},"author":2,"featured_media":0,"comment_status":"open","ping_status":"open","sticky":false,"template":"","format":"standard","meta":{"om_disable_all_campaigns":false,"_monsterinsights_skip_tracking":false,"_monsterinsights_sitenote_active":false,"_monsterinsights_sitenote_note":"","_monsterinsights_sitenote_category":0,"_uf_show_specific_survey":0,"_uf_disable_surveys":false,"footnotes":""},"categories":[38,33],"tags":[],"class_list":["post-43950","post","type-post","status-publish","format-standard","hentry","category-hot-news","category-mxon"],"aioseo_notices":[],"_links":{"self":[{"href":"https:\/\/www.crossprensa.com.ar\/news\/wp-json\/wp\/v2\/posts\/43950","targetHints":{"allow":["GET"]}}],"collection":[{"href":"https:\/\/www.crossprensa.com.ar\/news\/wp-json\/wp\/v2\/posts"}],"about":[{"href":"https:\/\/www.crossprensa.com.ar\/news\/wp-json\/wp\/v2\/types\/post"}],"author":[{"embeddable":true,"href":"https:\/\/www.crossprensa.com.ar\/news\/wp-json\/wp\/v2\/users\/2"}],"replies":[{"embeddable":true,"href":"https:\/\/www.crossprensa.com.ar\/news\/wp-json\/wp\/v2\/comments?post=43950"}],"version-history":[{"count":1,"href":"https:\/\/www.crossprensa.com.ar\/news\/wp-json\/wp\/v2\/posts\/43950\/revisions"}],"predecessor-version":[{"id":43952,"href":"https:\/\/www.crossprensa.com.ar\/news\/wp-json\/wp\/v2\/posts\/43950\/revisions\/43952"}],"wp:attachment":[{"href":"https:\/\/www.crossprensa.com.ar\/news\/wp-json\/wp\/v2\/media?parent=43950"}],"wp:term":[{"taxonomy":"category","embeddable":true,"href":"https:\/\/www.crossprensa.com.ar\/news\/wp-json\/wp\/v2\/categories?post=43950"},{"taxonomy":"post_tag","embeddable":true,"href":"https:\/\/www.crossprensa.com.ar\/news\/wp-json\/wp\/v2\/tags?post=43950"}],"curies":[{"name":"wp","href":"https:\/\/api.w.org\/{rel}","templated":true}]}}