{"id":43433,"date":"2019-07-03T10:23:10","date_gmt":"2019-07-03T13:23:10","guid":{"rendered":"http:\/\/www.crossprensa.com.ar\/news\/?p=43433"},"modified":"2019-07-03T10:23:55","modified_gmt":"2019-07-03T13:23:55","slug":"jose-felipe-no-corre-en-madryn","status":"publish","type":"post","link":"https:\/\/www.crossprensa.com.ar\/news\/jose-felipe-no-corre-en-madryn\/mx-argentino\/","title":{"rendered":"JOS\u00c9 FELIPE NO CORRE EN MADRYN."},"content":{"rendered":"<p>Lamentable noticia la que tenemos que dar del muy querido piloto cordob\u00e9s. El p\u00fablico no tendr\u00e1 el lujo de verlo en la pista este pr\u00f3ximo fin de semana en Puerto Madryn a bordo de su Kawasaki Oficial.<\/p>\n<p><!--more--><\/p>\n<p><img fetchpriority=\"high\" decoding=\"async\" class=\"alignnone wp-image-43034 size-full\" src=\"http:\/\/www.crossprensa.com.ar\/news\/wp-content\/uploads\/2019\/06\/Sin-t\u00edtulo-72358266-1.jpg\" alt=\"\" width=\"5106\" height=\"548\" \/><\/p>\n<p>El golpe en Mendoza fue muy, muy fuerte, y las lesiones que al principio parecieron no ser nada dejaron una intensa molestia en la espalda que no pudo ser superada por el Tigre Felipe en estos d\u00edas de descanso. No est\u00e1 c\u00f3modo sobre la moto, no se siente a gusto y el dolor complica su manejo por lo que junto al equipo decidieron dejar pasar esta fecha para llegar al 100% a la pr\u00f3xima en Monte Ma\u00edz. Una verdadera l\u00e1stima, estando en la punta del dif\u00edcil campeonato de la MX1.<\/p>\n<p>Ampliaremos esta informaci\u00f3n.<\/p>\n","protected":false},"excerpt":{"rendered":"<p>Lamentable noticia la que tenemos que dar del muy querido piloto cordob\u00e9s. El p\u00fablico no&#8230;<\/p>\n","protected":false},"author":2,"featured_media":43434,"comment_status":"open","ping_status":"open","sticky":false,"template":"","format":"standard","meta":{"om_disable_all_campaigns":false,"_monsterinsights_skip_tracking":false,"_monsterinsights_sitenote_active":false,"_monsterinsights_sitenote_note":"","_monsterinsights_sitenote_category":0,"_uf_show_specific_survey":0,"_uf_disable_surveys":false,"footnotes":""},"categories":[38,27],"tags":[],"class_list":["post-43433","post","type-post","status-publish","format-standard","has-post-thumbnail","hentry","category-hot-news","category-mx-argentino"],"aioseo_notices":[],"_links":{"self":[{"href":"https:\/\/www.crossprensa.com.ar\/news\/wp-json\/wp\/v2\/posts\/43433","targetHints":{"allow":["GET"]}}],"collection":[{"href":"https:\/\/www.crossprensa.com.ar\/news\/wp-json\/wp\/v2\/posts"}],"about":[{"href":"https:\/\/www.crossprensa.com.ar\/news\/wp-json\/wp\/v2\/types\/post"}],"author":[{"embeddable":true,"href":"https:\/\/www.crossprensa.com.ar\/news\/wp-json\/wp\/v2\/users\/2"}],"replies":[{"embeddable":true,"href":"https:\/\/www.crossprensa.com.ar\/news\/wp-json\/wp\/v2\/comments?post=43433"}],"version-history":[{"count":2,"href":"https:\/\/www.crossprensa.com.ar\/news\/wp-json\/wp\/v2\/posts\/43433\/revisions"}],"predecessor-version":[{"id":43436,"href":"https:\/\/www.crossprensa.com.ar\/news\/wp-json\/wp\/v2\/posts\/43433\/revisions\/43436"}],"wp:featuredmedia":[{"embeddable":true,"href":"https:\/\/www.crossprensa.com.ar\/news\/wp-json\/wp\/v2\/media\/43434"}],"wp:attachment":[{"href":"https:\/\/www.crossprensa.com.ar\/news\/wp-json\/wp\/v2\/media?parent=43433"}],"wp:term":[{"taxonomy":"category","embeddable":true,"href":"https:\/\/www.crossprensa.com.ar\/news\/wp-json\/wp\/v2\/categories?post=43433"},{"taxonomy":"post_tag","embeddable":true,"href":"https:\/\/www.crossprensa.com.ar\/news\/wp-json\/wp\/v2\/tags?post=43433"}],"curies":[{"name":"wp","href":"https:\/\/api.w.org\/{rel}","templated":true}]}}