{"id":43427,"date":"2019-07-03T09:35:50","date_gmt":"2019-07-03T12:35:50","guid":{"rendered":"http:\/\/www.crossprensa.com.ar\/news\/?p=43427"},"modified":"2019-07-03T10:10:15","modified_gmt":"2019-07-03T13:10:15","slug":"luciano-righi-piloto-de-una-potente-fusion-de-equipos","status":"publish","type":"post","link":"https:\/\/www.crossprensa.com.ar\/news\/luciano-righi-piloto-de-una-potente-fusion-de-equipos\/mx-argentino\/","title":{"rendered":"LUCIANO RIGHI: Piloto de una potente fusi\u00f3n de equipos."},"content":{"rendered":"<p>Parece incre\u00edble lo que les voy a contar, pero el puntero del campeonato de la MX2 se quedaba sin moto y sin equipo. Las circunstancias no vienen mucho al caso porque pasa a cuestiones empresariales y lo que a nosotros nos interesa es lo deportivo. El tema es que se unieron Marcelo Bocos del MX C\u00f3rdoba con Armando Lelli al que no hace falta presentar, y desde el fin de semana Luciano estar\u00e1 bajo la carpa de Husqvarna oficial!!! Pero con el MX C\u00f3rdoba pegado, con todo su apoyo. IMPECABLE resoluci\u00f3n!<\/p>\n<p><!--more--><\/p>\n<p><a href=\"http:\/\/www.husqvarna-motos.com.ar\/\"><img fetchpriority=\"high\" decoding=\"async\" class=\"alignnone wp-image-43207 size-full\" src=\"http:\/\/www.crossprensa.com.ar\/news\/wp-content\/uploads\/2019\/06\/Sin-t\u00edtulo-2-1.jpg\" alt=\"\" width=\"2043\" height=\"213\" \/><\/a><\/p>\n<p>Y pese a lo que se pueda pensar, no pasa de un equipo a otro sino que entre ambos con la excelente decisi\u00f3n de Husqvarna Argentina, Armando Lelli padre e hijo y la negociaci\u00f3n que llevaron con Marcelo Bocos manteniendo el aporte del MX C\u00f3rdoba, el piloto mendocino seguir\u00e1 mas firme que antes en el Campeonato Argentino de Motocross sobre una Husqvarna FC 250!<\/p>\n<p>Felicitaciones a todos por el acuerdo y por seguir apostando por nuestro deporte!<\/p>\n<p><a href=\"https:\/\/www.facebook.com\/Lelli-competicion-538773939544699\/\"><img decoding=\"async\" class=\"alignnone wp-image-43431 size-full\" src=\"http:\/\/www.crossprensa.com.ar\/news\/wp-content\/uploads\/2019\/07\/Sin-t\u00edtulo-146.jpg\" alt=\"\" width=\"851\" height=\"93\" \/><\/a><\/p>\n","protected":false},"excerpt":{"rendered":"<p>Parece incre\u00edble lo que les voy a contar, pero el puntero del campeonato de la&#8230;<\/p>\n","protected":false},"author":2,"featured_media":43428,"comment_status":"open","ping_status":"open","sticky":false,"template":"","format":"standard","meta":{"om_disable_all_campaigns":false,"_monsterinsights_skip_tracking":false,"_monsterinsights_sitenote_active":false,"_monsterinsights_sitenote_note":"","_monsterinsights_sitenote_category":0,"_uf_show_specific_survey":0,"_uf_disable_surveys":false,"footnotes":""},"categories":[38,27],"tags":[],"class_list":["post-43427","post","type-post","status-publish","format-standard","has-post-thumbnail","hentry","category-hot-news","category-mx-argentino"],"aioseo_notices":[],"_links":{"self":[{"href":"https:\/\/www.crossprensa.com.ar\/news\/wp-json\/wp\/v2\/posts\/43427","targetHints":{"allow":["GET"]}}],"collection":[{"href":"https:\/\/www.crossprensa.com.ar\/news\/wp-json\/wp\/v2\/posts"}],"about":[{"href":"https:\/\/www.crossprensa.com.ar\/news\/wp-json\/wp\/v2\/types\/post"}],"author":[{"embeddable":true,"href":"https:\/\/www.crossprensa.com.ar\/news\/wp-json\/wp\/v2\/users\/2"}],"replies":[{"embeddable":true,"href":"https:\/\/www.crossprensa.com.ar\/news\/wp-json\/wp\/v2\/comments?post=43427"}],"version-history":[{"count":3,"href":"https:\/\/www.crossprensa.com.ar\/news\/wp-json\/wp\/v2\/posts\/43427\/revisions"}],"predecessor-version":[{"id":43432,"href":"https:\/\/www.crossprensa.com.ar\/news\/wp-json\/wp\/v2\/posts\/43427\/revisions\/43432"}],"wp:featuredmedia":[{"embeddable":true,"href":"https:\/\/www.crossprensa.com.ar\/news\/wp-json\/wp\/v2\/media\/43428"}],"wp:attachment":[{"href":"https:\/\/www.crossprensa.com.ar\/news\/wp-json\/wp\/v2\/media?parent=43427"}],"wp:term":[{"taxonomy":"category","embeddable":true,"href":"https:\/\/www.crossprensa.com.ar\/news\/wp-json\/wp\/v2\/categories?post=43427"},{"taxonomy":"post_tag","embeddable":true,"href":"https:\/\/www.crossprensa.com.ar\/news\/wp-json\/wp\/v2\/tags?post=43427"}],"curies":[{"name":"wp","href":"https:\/\/api.w.org\/{rel}","templated":true}]}}