{"id":43422,"date":"2019-07-02T19:37:21","date_gmt":"2019-07-02T22:37:21","guid":{"rendered":"http:\/\/www.crossprensa.com.ar\/news\/?p=43422"},"modified":"2019-07-02T19:37:21","modified_gmt":"2019-07-02T22:37:21","slug":"mx-argentino-pto-madryn-horarios","status":"publish","type":"post","link":"https:\/\/www.crossprensa.com.ar\/news\/mx-argentino-pto-madryn-horarios\/mx-argentino\/","title":{"rendered":"MX ARGENTINO Pto. MADRYN &#8211; HORARIOS"},"content":{"rendered":"<p>El fin de semana va a ser intenso y sin mucho respiro. Aqu\u00ed te contamos como van a ser todos los horarios de S\u00e1bado y Domingo, con la 4ta. fecha del MX Argentino para 85cc., MX3 A, B y C, MX2 A y B, y la MX1. Adem\u00e1s ser\u00e1 la 2da. fecha del Minicross Argentino para 50 y 65cc.<\/p>\n<p><!--more--><\/p>\n<p><img fetchpriority=\"high\" decoding=\"async\" class=\"alignnone wp-image-43423 size-full\" src=\"http:\/\/www.crossprensa.com.ar\/news\/wp-content\/uploads\/2019\/07\/Sin-t\u00edtulo-723582782-1.jpg\" alt=\"\" width=\"878\" height=\"1280\" \/><\/p>\n<p>&nbsp;<\/p>\n<p><img decoding=\"async\" class=\"alignnone wp-image-43424 size-full\" src=\"http:\/\/www.crossprensa.com.ar\/news\/wp-content\/uploads\/2019\/07\/Sin-t\u00edtulo-723582784-2.jpg\" alt=\"\" width=\"878\" height=\"1280\" \/><\/p>\n","protected":false},"excerpt":{"rendered":"<p>El fin de semana va a ser intenso y sin mucho respiro. Aqu\u00ed te contamos&#8230;<\/p>\n","protected":false},"author":2,"featured_media":43425,"comment_status":"open","ping_status":"open","sticky":false,"template":"","format":"standard","meta":{"om_disable_all_campaigns":false,"_monsterinsights_skip_tracking":false,"_monsterinsights_sitenote_active":false,"_monsterinsights_sitenote_note":"","_monsterinsights_sitenote_category":0,"_uf_show_specific_survey":0,"_uf_disable_surveys":false,"footnotes":""},"categories":[38,27],"tags":[],"class_list":["post-43422","post","type-post","status-publish","format-standard","has-post-thumbnail","hentry","category-hot-news","category-mx-argentino"],"aioseo_notices":[],"_links":{"self":[{"href":"https:\/\/www.crossprensa.com.ar\/news\/wp-json\/wp\/v2\/posts\/43422","targetHints":{"allow":["GET"]}}],"collection":[{"href":"https:\/\/www.crossprensa.com.ar\/news\/wp-json\/wp\/v2\/posts"}],"about":[{"href":"https:\/\/www.crossprensa.com.ar\/news\/wp-json\/wp\/v2\/types\/post"}],"author":[{"embeddable":true,"href":"https:\/\/www.crossprensa.com.ar\/news\/wp-json\/wp\/v2\/users\/2"}],"replies":[{"embeddable":true,"href":"https:\/\/www.crossprensa.com.ar\/news\/wp-json\/wp\/v2\/comments?post=43422"}],"version-history":[{"count":1,"href":"https:\/\/www.crossprensa.com.ar\/news\/wp-json\/wp\/v2\/posts\/43422\/revisions"}],"predecessor-version":[{"id":43426,"href":"https:\/\/www.crossprensa.com.ar\/news\/wp-json\/wp\/v2\/posts\/43422\/revisions\/43426"}],"wp:featuredmedia":[{"embeddable":true,"href":"https:\/\/www.crossprensa.com.ar\/news\/wp-json\/wp\/v2\/media\/43425"}],"wp:attachment":[{"href":"https:\/\/www.crossprensa.com.ar\/news\/wp-json\/wp\/v2\/media?parent=43422"}],"wp:term":[{"taxonomy":"category","embeddable":true,"href":"https:\/\/www.crossprensa.com.ar\/news\/wp-json\/wp\/v2\/categories?post=43422"},{"taxonomy":"post_tag","embeddable":true,"href":"https:\/\/www.crossprensa.com.ar\/news\/wp-json\/wp\/v2\/tags?post=43422"}],"curies":[{"name":"wp","href":"https:\/\/api.w.org\/{rel}","templated":true}]}}