{"id":43418,"date":"2019-07-02T17:11:48","date_gmt":"2019-07-02T20:11:48","guid":{"rendered":"http:\/\/www.crossprensa.com.ar\/news\/?p=43418"},"modified":"2019-07-02T17:11:48","modified_gmt":"2019-07-02T20:11:48","slug":"ultimo-momento-se-agrandan-los-2t-en-el-nacional-de-mx","status":"publish","type":"post","link":"https:\/\/www.crossprensa.com.ar\/news\/ultimo-momento-se-agrandan-los-2t-en-el-nacional-de-mx\/mx-argentino\/","title":{"rendered":"ULTIMO MOMENTO! SE AGRANDAN LOS 2T EN EL NACIONAL DE MX!"},"content":{"rendered":"<p>Hace ya un tiempo que escuchamos rumores, se dec\u00edan cosas en boxes hasta que en Mendoza ya fue mas fuerte. Incluso la versi\u00f3n de denuncias por el uso de cilindros de 300cc.<\/p>\n<p>Con buen criterio, fue analizado el tema por la comisi\u00f3n t\u00e9cnica de CAMoD, y se reglament\u00f3 el uso de estos kits en motores de 250cc.<\/p>\n<p><!--more--><\/p>\n<p><img fetchpriority=\"high\" decoding=\"async\" class=\"alignnone wp-image-43420 size-full\" src=\"http:\/\/www.crossprensa.com.ar\/news\/wp-content\/uploads\/2019\/07\/Sin-t\u00edtulo-723582784-1.jpg\" alt=\"\" width=\"1039\" height=\"816\" \/><\/p>\n<p>LINK DIRECTO:\u00a0<a href=\"http:\/\/camod.com.ar\/annexes\/1562095992_ANEXO-01_19-2T.pdf\">http:\/\/camod.com.ar\/annexes\/1562095992_ANEXO-01_19-2T.pdf<\/a><\/p>\n","protected":false},"excerpt":{"rendered":"<p>Hace ya un tiempo que escuchamos rumores, se dec\u00edan cosas en boxes hasta que en&#8230;<\/p>\n","protected":false},"author":2,"featured_media":0,"comment_status":"open","ping_status":"open","sticky":false,"template":"","format":"standard","meta":{"om_disable_all_campaigns":false,"_monsterinsights_skip_tracking":false,"_monsterinsights_sitenote_active":false,"_monsterinsights_sitenote_note":"","_monsterinsights_sitenote_category":0,"_uf_show_specific_survey":0,"_uf_disable_surveys":false,"footnotes":""},"categories":[38,27],"tags":[],"class_list":["post-43418","post","type-post","status-publish","format-standard","hentry","category-hot-news","category-mx-argentino"],"aioseo_notices":[],"_links":{"self":[{"href":"https:\/\/www.crossprensa.com.ar\/news\/wp-json\/wp\/v2\/posts\/43418","targetHints":{"allow":["GET"]}}],"collection":[{"href":"https:\/\/www.crossprensa.com.ar\/news\/wp-json\/wp\/v2\/posts"}],"about":[{"href":"https:\/\/www.crossprensa.com.ar\/news\/wp-json\/wp\/v2\/types\/post"}],"author":[{"embeddable":true,"href":"https:\/\/www.crossprensa.com.ar\/news\/wp-json\/wp\/v2\/users\/2"}],"replies":[{"embeddable":true,"href":"https:\/\/www.crossprensa.com.ar\/news\/wp-json\/wp\/v2\/comments?post=43418"}],"version-history":[{"count":1,"href":"https:\/\/www.crossprensa.com.ar\/news\/wp-json\/wp\/v2\/posts\/43418\/revisions"}],"predecessor-version":[{"id":43421,"href":"https:\/\/www.crossprensa.com.ar\/news\/wp-json\/wp\/v2\/posts\/43418\/revisions\/43421"}],"wp:attachment":[{"href":"https:\/\/www.crossprensa.com.ar\/news\/wp-json\/wp\/v2\/media?parent=43418"}],"wp:term":[{"taxonomy":"category","embeddable":true,"href":"https:\/\/www.crossprensa.com.ar\/news\/wp-json\/wp\/v2\/categories?post=43418"},{"taxonomy":"post_tag","embeddable":true,"href":"https:\/\/www.crossprensa.com.ar\/news\/wp-json\/wp\/v2\/tags?post=43418"}],"curies":[{"name":"wp","href":"https:\/\/api.w.org\/{rel}","templated":true}]}}