{"id":43412,"date":"2019-07-02T13:42:31","date_gmt":"2019-07-02T16:42:31","guid":{"rendered":"http:\/\/www.crossprensa.com.ar\/news\/?p=43412"},"modified":"2019-07-02T13:42:31","modified_gmt":"2019-07-02T16:42:31","slug":"mx-argentino-no-corre-nicolas-mana","status":"publish","type":"post","link":"https:\/\/www.crossprensa.com.ar\/news\/mx-argentino-no-corre-nicolas-mana\/mx-argentino\/","title":{"rendered":"MX ARGENTINO: No corre Nicol\u00e1s Mana."},"content":{"rendered":"<p>Lamentablemente, el piloto de R\u00edo III, habitual protagonista de la punta en la MX2 A, no estar\u00e1 corriendo en Puerto Madryn. Y porqu\u00e9 se preguntar\u00e1n ustedes? les contamos todo en la nota que hicimos con el piloto hace minutos&#8230;<\/p>\n<p><!--more--><\/p>\n<p>Las lesiones que viene arrastrando Nicol\u00e1s Mana -mas las nuevas- le pasaron factura al cordob\u00e9s. Quiz\u00e1s ansiedad, o apuro, pero se subi\u00f3 a la moto para entrenar y meti\u00f3 el pi\u00e9 en una canaleta que lo trab\u00f3 e hizo mas grande la lesi\u00f3n, tomando su desgarro el doble de longitud.<\/p>\n<p>Por estoy, y varias otras que debe recuperar al 100%, es que decidi\u00f3 parar hasta encontrarse f\u00edsicamente perfecto e ir por lo que necesita que es la victoria. Tiene todo para ganar, ahora falta solamente tiempo.<\/p>\n<p>Estaremos siguiendo paso a paso la evoluci\u00f3n del piloto, como siempre.<\/p>\n","protected":false},"excerpt":{"rendered":"<p>Lamentablemente, el piloto de R\u00edo III, habitual protagonista de la punta en la MX2 A,&#8230;<\/p>\n","protected":false},"author":2,"featured_media":43413,"comment_status":"open","ping_status":"open","sticky":false,"template":"","format":"standard","meta":{"om_disable_all_campaigns":false,"_monsterinsights_skip_tracking":false,"_monsterinsights_sitenote_active":false,"_monsterinsights_sitenote_note":"","_monsterinsights_sitenote_category":0,"_uf_show_specific_survey":0,"_uf_disable_surveys":false,"footnotes":""},"categories":[38,27],"tags":[],"class_list":["post-43412","post","type-post","status-publish","format-standard","has-post-thumbnail","hentry","category-hot-news","category-mx-argentino"],"aioseo_notices":[],"_links":{"self":[{"href":"https:\/\/www.crossprensa.com.ar\/news\/wp-json\/wp\/v2\/posts\/43412","targetHints":{"allow":["GET"]}}],"collection":[{"href":"https:\/\/www.crossprensa.com.ar\/news\/wp-json\/wp\/v2\/posts"}],"about":[{"href":"https:\/\/www.crossprensa.com.ar\/news\/wp-json\/wp\/v2\/types\/post"}],"author":[{"embeddable":true,"href":"https:\/\/www.crossprensa.com.ar\/news\/wp-json\/wp\/v2\/users\/2"}],"replies":[{"embeddable":true,"href":"https:\/\/www.crossprensa.com.ar\/news\/wp-json\/wp\/v2\/comments?post=43412"}],"version-history":[{"count":1,"href":"https:\/\/www.crossprensa.com.ar\/news\/wp-json\/wp\/v2\/posts\/43412\/revisions"}],"predecessor-version":[{"id":43414,"href":"https:\/\/www.crossprensa.com.ar\/news\/wp-json\/wp\/v2\/posts\/43412\/revisions\/43414"}],"wp:featuredmedia":[{"embeddable":true,"href":"https:\/\/www.crossprensa.com.ar\/news\/wp-json\/wp\/v2\/media\/43413"}],"wp:attachment":[{"href":"https:\/\/www.crossprensa.com.ar\/news\/wp-json\/wp\/v2\/media?parent=43412"}],"wp:term":[{"taxonomy":"category","embeddable":true,"href":"https:\/\/www.crossprensa.com.ar\/news\/wp-json\/wp\/v2\/categories?post=43412"},{"taxonomy":"post_tag","embeddable":true,"href":"https:\/\/www.crossprensa.com.ar\/news\/wp-json\/wp\/v2\/tags?post=43412"}],"curies":[{"name":"wp","href":"https:\/\/api.w.org\/{rel}","templated":true}]}}