{"id":42923,"date":"2019-06-05T23:41:00","date_gmt":"2019-06-06T02:41:00","guid":{"rendered":"http:\/\/www.crossprensa.com.ar\/news\/?p=42923"},"modified":"2019-06-06T00:07:48","modified_gmt":"2019-06-06T03:07:48","slug":"maximo-u-s-a","status":"publish","type":"post","link":"https:\/\/www.crossprensa.com.ar\/news\/maximo-u-s-a\/ama-motocross\/","title":{"rendered":"MAXIMO U.S.A.!"},"content":{"rendered":"<p>El piloto bonaerense de la localidad de Burzaco estuvo haciendo temporada en USA, compitiendo en los regionales, y logrando una excelente campa\u00f1a que lo pone en la mira para correr en Loretta Lynn\u00b4s. Aqu\u00ed nos cuenta todo lo que vivi\u00f3, y como se prepara para su regreso a Argentina el 10 de Junio, para luego estar corriendo en Mendoza la 3ra. fecha del MX Argentino.<\/p>\n<p>Otra promesa de nuestro deporte que con mucho esfuerzo busca hacerse un lugar en el MX mas dif\u00edcil del Mundo por la cantidad y calidad de pilotos que hay en EEUU. Ojal\u00e1 logre lo que se propone! Lo vamos a estar siguiendo&#8230;<\/p>\n<p><!--more--><\/p>\n<p>1- M\u00e1ximo, porqu\u00e9 la decisi\u00f3n de irte a USA?<\/p>\n<p><em><strong>Ya vine bastante veces a correr y el nivel amateur de ac\u00e1 es muy bueno!<\/strong><\/em><\/p>\n<p>2- Contamos como te sentiste corriendo all\u00e1?<\/p>\n<p><em><strong>Me sent\u00ed bien,con un poco nervios en las primeras mangas con partidor de 40 motos&#8230;<\/strong><\/em><\/p>\n<p>3- Cual es la principal diferencia que notaste respecto de como se corre en Argentina?<\/p>\n<p><em><strong>Las carreras son muy explosivas son 3 o 4 vueltas y si largas mal no podes remontar.<\/strong><\/em><\/p>\n<p>4- Cual es tu objetivo estando en USA?<\/p>\n<p><em><strong>Es mejorar arriba de la moto y clasificar para loretta Lynn&#8217;s<\/strong><\/em><\/p>\n<p>5- Sabemos que volv\u00e9s a Argentina, pero hay proyecto de ir de nuevo a USA?<\/p>\n<p><em><strong>Si, esta la posibilidad de poder correr Lorreta lynn&#8217;s y puede ser que para el otro a\u00f1o venga a correr a USA.<\/strong><\/em><\/p>\n<p><img fetchpriority=\"high\" decoding=\"async\" class=\"alignnone wp-image-42925 size-full\" src=\"http:\/\/www.crossprensa.com.ar\/news\/wp-content\/uploads\/2019\/06\/Sin-t\u00edtulo-72358265-2-e1559788785787.jpg\" alt=\"\" width=\"1280\" height=\"409\" \/><br \/>\n6- Si fuese as\u00ed, cual ser\u00eda tu objetivo en norteam\u00e9rica?<\/p>\n<p><em><strong>Dar un buen resultado, y andar en el ama supercross y motocross en el dia de ma\u00f1ana<\/strong><\/em><\/p>\n<p>7- Que cambios notaste en vos, entrenando all\u00e1? Mas velocidad, agresividad, o que?<\/p>\n<p><em><strong>A lo primero me sent\u00eda que andaba igual y cuando fui a Argentina not\u00e9 la mejor\u00eda de la velocidad y la agresividad.<\/strong><\/em><\/p>\n<p>8- Vas a estar en Mendoza en la 3ra. fecha del Nacional, con que perspectiva?<\/p>\n<p><em><strong>Si voy a ir a correr, y tratar de andar entre los 5 primero o mas adelante.<\/strong><\/em><\/p>\n<p>9- Muchas gracias M\u00e1ximo, y queda ac\u00e1 el lugar para tus sponsors.<\/p>\n<p><em><strong>Si le quiero dar las gracias a mi papa que me acompa\u00f1a en cada carrera, a mi mama que sin ella no podr\u00eda andar, a Motorex argentina, JTracing argentina, TNT calcos, MC racing team y a todos los que me dan una mano, por si me olvide alguno.<\/strong><\/em><\/p>\n<p>Nos vemos en Mendoza!<\/p>\n<p>Si, seguro! Saludos y un abrazo a todos!<\/p>\n<p>&nbsp;<\/p>\n","protected":false},"excerpt":{"rendered":"<p>El piloto bonaerense de la localidad de Burzaco estuvo haciendo temporada en USA, compitiendo en&#8230;<\/p>\n","protected":false},"author":2,"featured_media":0,"comment_status":"open","ping_status":"open","sticky":false,"template":"","format":"standard","meta":{"om_disable_all_campaigns":false,"_monsterinsights_skip_tracking":false,"_monsterinsights_sitenote_active":false,"_monsterinsights_sitenote_note":"","_monsterinsights_sitenote_category":0,"_uf_show_specific_survey":0,"_uf_disable_surveys":false,"footnotes":""},"categories":[25,30,38],"tags":[],"class_list":["post-42923","post","type-post","status-publish","format-standard","hentry","category-ama-motocross","category-ama-supercross","category-hot-news"],"aioseo_notices":[],"_links":{"self":[{"href":"https:\/\/www.crossprensa.com.ar\/news\/wp-json\/wp\/v2\/posts\/42923","targetHints":{"allow":["GET"]}}],"collection":[{"href":"https:\/\/www.crossprensa.com.ar\/news\/wp-json\/wp\/v2\/posts"}],"about":[{"href":"https:\/\/www.crossprensa.com.ar\/news\/wp-json\/wp\/v2\/types\/post"}],"author":[{"embeddable":true,"href":"https:\/\/www.crossprensa.com.ar\/news\/wp-json\/wp\/v2\/users\/2"}],"replies":[{"embeddable":true,"href":"https:\/\/www.crossprensa.com.ar\/news\/wp-json\/wp\/v2\/comments?post=42923"}],"version-history":[{"count":2,"href":"https:\/\/www.crossprensa.com.ar\/news\/wp-json\/wp\/v2\/posts\/42923\/revisions"}],"predecessor-version":[{"id":42927,"href":"https:\/\/www.crossprensa.com.ar\/news\/wp-json\/wp\/v2\/posts\/42923\/revisions\/42927"}],"wp:attachment":[{"href":"https:\/\/www.crossprensa.com.ar\/news\/wp-json\/wp\/v2\/media?parent=42923"}],"wp:term":[{"taxonomy":"category","embeddable":true,"href":"https:\/\/www.crossprensa.com.ar\/news\/wp-json\/wp\/v2\/categories?post=42923"},{"taxonomy":"post_tag","embeddable":true,"href":"https:\/\/www.crossprensa.com.ar\/news\/wp-json\/wp\/v2\/tags?post=42923"}],"curies":[{"name":"wp","href":"https:\/\/api.w.org\/{rel}","templated":true}]}}