{"id":40983,"date":"2019-02-07T00:09:55","date_gmt":"2019-02-07T03:09:55","guid":{"rendered":"http:\/\/www.crossprensa.com.ar\/news\/?p=40983"},"modified":"2019-02-07T00:09:55","modified_gmt":"2019-02-07T03:09:55","slug":"joaquin-poli-le-van-a-tener-que-dar-las-gracias","status":"publish","type":"post","link":"https:\/\/www.crossprensa.com.ar\/news\/joaquin-poli-le-van-a-tener-que-dar-las-gracias\/mx-argentino\/","title":{"rendered":"Joaqu\u00edn Poli: Le van a tener que dar las gracias."},"content":{"rendered":"<p>Por la publicaci\u00f3n en nuestro facebook fueron un mont\u00f3n de preguntas en comentarios, por privado, por whatsapp&#8230; y si, estoy cada minuto mas convencido.<\/p>\n<p>Y no solo a \u00e9l hay que agradecerle, pero esta nota es para Joaqu\u00edn.<\/p>\n<p><!--more--><\/p>\n<p>Ayer hablamos con Joaqu\u00edn, hoy con su hermano y su padre, y me vinieron muchas cosas a la cabeza, pero esto que van a leer ya lo habl\u00e9 con los tres. No es un m\u00e9rito period\u00edstico la amistad pero si allana caminos y da la posibilidad de precisamente evitar el &#8220;amiguismo conveniente&#8221; porque hablando con sinceridad, se puede decir todo y sin ofensas, pero sin lastimar.<\/p>\n<p>Joaqu\u00edn Poli ya tuvo en su poder todos los campeonatos posibles a nivel provincial y nacional. Se convirti\u00f3 en un \u00edcono y modelo a seguir en lo deportivo en las pistas y en lo humano tambi\u00e9n en una carpa, charlando con cualquiera, sac\u00e1ndose fotos con sus admiradores o firmando un aut\u00f3grafo.<\/p>\n<p>Es EL piloto a correr en Argentina. De eso no tenemos dudas.<\/p>\n<p>Desde 2014 gan\u00f3 todo lo que corri\u00f3 en la MX1, salvo contadas carreras. Y en una posici\u00f3n a nivel nacional como la que tiene, podr\u00eda optar por dos cosas: La comodidad de saberse ganador (no intocable) y continuar en Argentina, o bien irse del pa\u00eds con 25 a\u00f1os (que si bien no es la edad justa), le da todav\u00eda un colch\u00f3n de tiempo para adquirir mas velocidad.<\/p>\n<p>Nuestro mejor piloto siempre dio todo en cada carrera, sin importar la marca con la que corriera ni la pista donde lo hiciera. Y sin dudas lo va a seguir haciendo porque adem\u00e1s de llevar el color de nuestra bandera en el coraz\u00f3n, tambi\u00e9n est\u00e1 ese pedacito de tierra donde aceler\u00f3 por primera vez en San Genaro, su lugar.<\/p>\n<p>Nuestro mejor piloto, se expuso corriendo carreras mundiales en Europa y ya lo hizo tambi\u00e9n el a\u00f1o pasado en este mismo minicampeonato y los resultados los vimos todos. Est\u00e1 lejos de la punta cuando entra en el mano a mano con los mejores europeos o los mejores del mundial.<\/p>\n<p>Podr\u00e1 sonar feo, pero no deja de ser la verdad. La verdad de TODO nuestro motocross, porque si \u00e9l que es el mejor est\u00e1 lejos de la punta y se fue a buscar ESA velocidad que le falta con pistas mas largas, mas rotas y entrenando junto a pilotos que SI tienen esa velocidad, imaginen el resto que siguen corriendo con lo que tenemos ac\u00e1 de pistas, de rivales y de algunos que siguen pensando en reparto de trofeos con 50 categor\u00edas por campeonato con pistas irrelevantes mas pensadas en no tener pilotos golpeados para no usar la cobertura m\u00e9dica, que pensadas en el real crecimiento de un deporte fuerte como queremos, pero claro, se inscribir\u00edan menos. Es un poco el reflejo del pa\u00eds en general, pero SI AVANZAMOS MUCHO desde que est\u00e1 Conam, pero nos falta mucho tambi\u00e9n.<\/p>\n<p>Y Joaqu\u00edn, en lugar de estar c\u00f3modo ac\u00e1 con un sueldo, buenos sponsors, una moto oficial, reconocimiento, admiradores, p\u00fablico&#8230; eligi\u00f3 irse a buscar velocidad. Para que despu\u00e9s lo corran, y puedan quiz\u00e1s ganarle. Eligi\u00f3 ir a un pa\u00eds que si bien no le es extra\u00f1o, tampoco es SU lugar. Idiosincrasia parecida, idioma que tampoco le es ajeno, familiares ah\u00ed. Pero sus afectos est\u00e1n ac\u00e1. Padres, hermano, novia, hasta los perros! pero eligi\u00f3 irse y jugarse por el motocross.<\/p>\n<p>No es f\u00e1cil tomar una decisi\u00f3n as\u00ed, pero si no lo hac\u00eda ahora cuando lo iba a hacer?<\/p>\n<p>Nos falta poner los pies sobre la tierra, porque tampoco es nuestro motocross grandes carreras espor\u00e1dicas, ni un mundial que ya es visitado por pocos pilotos argentinos. Sabe que se exponen, y que simplemente es darse el gusto de largar con los mejores del mundo. Si suman uno o dos puntos se celebra y ah\u00ed queda. En un papel o una estad\u00edstica que en alg\u00fan momento desaparecer\u00e1.<\/p>\n<p><img fetchpriority=\"high\" decoding=\"async\" class=\"alignnone wp-image-40986 size-full\" src=\"http:\/\/www.crossprensa.com.ar\/news\/wp-content\/uploads\/2019\/02\/DSC0573-1600x1200.jpg\" alt=\"\" width=\"1600\" height=\"1067\" srcset=\"https:\/\/www.crossprensa.com.ar\/news\/wp-content\/uploads\/2019\/02\/DSC0573-1600x1200.jpg 1600w, https:\/\/www.crossprensa.com.ar\/news\/wp-content\/uploads\/2019\/02\/DSC0573-1600x1200-300x200.jpg 300w, https:\/\/www.crossprensa.com.ar\/news\/wp-content\/uploads\/2019\/02\/DSC0573-1600x1200-768x512.jpg 768w, https:\/\/www.crossprensa.com.ar\/news\/wp-content\/uploads\/2019\/02\/DSC0573-1600x1200-600x400.jpg 600w, https:\/\/www.crossprensa.com.ar\/news\/wp-content\/uploads\/2019\/02\/DSC0573-1600x1200-120x80.jpg 120w\" sizes=\"(max-width: 1600px) 100vw, 1600px\" \/><\/p>\n<p>Ya lo vimos en 2016 cuando Hardy Mu\u00f1oz apareci\u00f3 en la MX2, llena de motos en Trenque Lauquen y con Gato Barbery relatamos juntos una carrera que nos volvi\u00f3 locos! De como un chico chileno con una 125 totalmente estandar, les ganaba a todos los 250F muy enfierrados. En lugar de tomarlo como ense\u00f1anza o ejemplo, se opt\u00f3 por el simp\u00e1tico silencio contra nuestro antip\u00e1tico sentido de la verdad deportiva: Estamos lentos.<\/p>\n<p>HOy, todos admiran a un enorme piloto como Jorge Prado Garc\u00eda, campe\u00f3n con un futuro ENORME sin dudas. Se imaginan si nosotros logr\u00e1ramos un piloto as\u00ed? Pero no es con una o dos, o tres carreras al a\u00f1o que lo vamos a tener. Es despegarse de un lugar c\u00f3modo, soltar afectos, y con la mente fr\u00eda mirar a donde son mas r\u00e1pidos que nosotros.<\/p>\n<p>Sabemos que no es f\u00e1cil mas con el momento econ\u00f3mico que vivimos, pero cuando hay pilotos as\u00ed, creo que NINGUNO de los miles de pilotos que tiene el pa\u00eds dir\u00eda que NO a un apoyo general a sacar un gran piloto argentino para exportarlo, que aprenda y que NOS TRAIGA VELOCIDAD Y ENSE\u00d1ANZA, T\u00c9CNICA, ENTRENAMIENTOS y volcarlo aqu\u00ed, para so\u00f1ar con &#8220;nuestro&#8221; Prado.<\/p>\n<p>Hay esfuerzos privados, algunos casi an\u00f3nimos, y van a USA la mayor\u00eda, muy poquitos a Europa, pero ah\u00ed queda&#8230; Nos alegramos por Claudio Pesce clasificando por delante de De Coster en USA. Nos alegramos por Fabricio Ciancaglini haciendo la pole en Brasil 1985. Por Luis Perez siendo el primer argentino en sumar puntos en un mundial en Salta en el mismo a\u00f1o.<\/p>\n<p>Y desde ah\u00ed, nos alegramos. Pero no dura.<\/p>\n<p>Cuando Nicol\u00e1s Leocata tuvo la enorme oportunidad de ser el PRIMER Y UNICO argentino con reales posibilidades en el AMA SX y MX, por una decisi\u00f3n personal lo perdimos. Cuando Dar\u00edo Arco hizo la campa\u00f1a mundial en 2010, ah\u00ed qued\u00f3&#8230; Cuando algunos otros lo intentaron siempre AH\u00cd QUEDO, porque no hemos crecido y es mas, retrocedimos.<\/p>\n<p>Antes los brasile\u00f1os ven\u00edan a medirse a Argentina, por caso Cassio Garc\u00eda, Milton y Elton Becker, chilenos, uruguayo, porque ten\u00edamos el mejor motocross en sudam\u00e9rica y me animar\u00eda a decir en Latinoam\u00e9rica en los 90. Cuando Kelly Andris vino a Argentina, era el puesto 92 del Ama Supercross, y nadie le regal\u00f3 nada corriendo ac\u00e1, enfrentado a por ejemplo Marcelo S\u00e1nchez. Hoy no, no tenemos nada ni somos unidad de medida de nadie.<\/p>\n<p>Pero Joaqu\u00edn con mucho esfuerzo personal, ahorros, plata de la familia, de amigos y de sponsors, se fue a buscar lo que perdimos y sin saberlo. Para volver a ponernos en un lugar grande y qued\u00e1ndose all\u00e1 no por dos o tres carreras. Se decidi\u00f3 a intentarlo.<\/p>\n<p>Como les dije al principio, lo habl\u00e9 con \u00e9l y con su familia mas cercana porque no quer\u00eda herir susceptibilidades pero la aceptaci\u00f3n de la realidad que me demostraron, me dejan escribir de este modo.<\/p>\n<p><strong>JOAQU\u00cdN SE FUE A BUSCAR VELOCIDAD A EUROPA.<\/strong><\/p>\n<p><img decoding=\"async\" class=\"alignnone wp-image-40985 size-full\" src=\"http:\/\/www.crossprensa.com.ar\/news\/wp-content\/uploads\/2019\/02\/DSC0225-1600x1200.jpg\" alt=\"\" width=\"1600\" height=\"1067\" srcset=\"https:\/\/www.crossprensa.com.ar\/news\/wp-content\/uploads\/2019\/02\/DSC0225-1600x1200.jpg 1600w, https:\/\/www.crossprensa.com.ar\/news\/wp-content\/uploads\/2019\/02\/DSC0225-1600x1200-300x200.jpg 300w, https:\/\/www.crossprensa.com.ar\/news\/wp-content\/uploads\/2019\/02\/DSC0225-1600x1200-768x512.jpg 768w, https:\/\/www.crossprensa.com.ar\/news\/wp-content\/uploads\/2019\/02\/DSC0225-1600x1200-600x400.jpg 600w, https:\/\/www.crossprensa.com.ar\/news\/wp-content\/uploads\/2019\/02\/DSC0225-1600x1200-120x80.jpg 120w\" sizes=\"(max-width: 1600px) 100vw, 1600px\" \/><\/p>\n<p>Y que la traiga. Hay muchos chicos que miran su ejemplo y est\u00e1 buen\u00edsimo lo que hizo, porque por mas que est\u00e9 a 30 segundos o a dos vueltas en una final ese tiempo o esa distancia se va a reducir cuando no se sienta abrumado, tome costumbre y se de cuente que es tan humano como cualquiera de los dem\u00e1s que est\u00e1n a su lado en el partidor, y que solamente EL tiene que estar convencido que si, que se puede.<\/p>\n<p>Por todo lo que dije antes, como no decirle GRACIAS JOAQU\u00cdN, por la buena onda, por la humildad y por la velocidad que fuiste a buscar?<\/p>\n<p>No somos los mejores, pero podemos lograrlo. Sin\u00f3, seguiremos cambiando figuritas entre nosotros, siendo solamente los mejores de Argentina, para los Argentinos. Si nos unimos, sumamos, y de verdad dejamos ego\u00edsmos est\u00fapidos de lado, el premio lo vamos a tener.<\/p>\n<p>Hoy nuestro mejor piloto, dej\u00f3 la comodidad de ganar ac\u00e1 para ir a buscar lo que nos falta. Tengamos en cuenta cada cosa, y cada entrenamiento, cada carrera porque nadie le regal\u00f3 nada.<\/p>\n<p>Nosotros, le podemos regalar un GRACIAS, JOAQU\u00cdN. Sos el mejor ac\u00e1, no hay dudas. Gracias por demostrar que hay un MAS ALL\u00c1 DE AC\u00c1 para conquistar.<\/p>\n<p>Pampero.<\/p>\n<p>P.D.: Joaco, gracias por el mensaje que me mandaste, pero el coraz\u00f3n me dijo otra cosa cuando te escuch\u00e9 y desde ac\u00e1, TODO el apoyo que necesites lo vas a tener. Ojal\u00e1 se sumen TODOS.<\/p>\n<p>&nbsp;<\/p>\n<p><img decoding=\"async\" class=\"alignnone wp-image-40984 size-full\" src=\"http:\/\/www.crossprensa.com.ar\/news\/wp-content\/uploads\/2019\/02\/DSC0212-1600x1200.jpg\" alt=\"\" width=\"1600\" height=\"1067\" srcset=\"https:\/\/www.crossprensa.com.ar\/news\/wp-content\/uploads\/2019\/02\/DSC0212-1600x1200.jpg 1600w, https:\/\/www.crossprensa.com.ar\/news\/wp-content\/uploads\/2019\/02\/DSC0212-1600x1200-300x200.jpg 300w, https:\/\/www.crossprensa.com.ar\/news\/wp-content\/uploads\/2019\/02\/DSC0212-1600x1200-768x512.jpg 768w, https:\/\/www.crossprensa.com.ar\/news\/wp-content\/uploads\/2019\/02\/DSC0212-1600x1200-600x400.jpg 600w, https:\/\/www.crossprensa.com.ar\/news\/wp-content\/uploads\/2019\/02\/DSC0212-1600x1200-120x80.jpg 120w\" sizes=\"(max-width: 1600px) 100vw, 1600px\" \/><\/p>\n","protected":false},"excerpt":{"rendered":"<p>Por la publicaci\u00f3n en nuestro facebook fueron un mont\u00f3n de preguntas en comentarios, por privado,&#8230;<\/p>\n","protected":false},"author":2,"featured_media":40987,"comment_status":"open","ping_status":"open","sticky":false,"template":"","format":"standard","meta":{"om_disable_all_campaigns":false,"_monsterinsights_skip_tracking":false,"_monsterinsights_sitenote_active":false,"_monsterinsights_sitenote_note":"","_monsterinsights_sitenote_category":0,"_uf_show_specific_survey":0,"_uf_disable_surveys":false,"footnotes":""},"categories":[38,27],"tags":[],"class_list":["post-40983","post","type-post","status-publish","format-standard","has-post-thumbnail","hentry","category-hot-news","category-mx-argentino"],"aioseo_notices":[],"_links":{"self":[{"href":"https:\/\/www.crossprensa.com.ar\/news\/wp-json\/wp\/v2\/posts\/40983","targetHints":{"allow":["GET"]}}],"collection":[{"href":"https:\/\/www.crossprensa.com.ar\/news\/wp-json\/wp\/v2\/posts"}],"about":[{"href":"https:\/\/www.crossprensa.com.ar\/news\/wp-json\/wp\/v2\/types\/post"}],"author":[{"embeddable":true,"href":"https:\/\/www.crossprensa.com.ar\/news\/wp-json\/wp\/v2\/users\/2"}],"replies":[{"embeddable":true,"href":"https:\/\/www.crossprensa.com.ar\/news\/wp-json\/wp\/v2\/comments?post=40983"}],"version-history":[{"count":1,"href":"https:\/\/www.crossprensa.com.ar\/news\/wp-json\/wp\/v2\/posts\/40983\/revisions"}],"predecessor-version":[{"id":40988,"href":"https:\/\/www.crossprensa.com.ar\/news\/wp-json\/wp\/v2\/posts\/40983\/revisions\/40988"}],"wp:featuredmedia":[{"embeddable":true,"href":"https:\/\/www.crossprensa.com.ar\/news\/wp-json\/wp\/v2\/media\/40987"}],"wp:attachment":[{"href":"https:\/\/www.crossprensa.com.ar\/news\/wp-json\/wp\/v2\/media?parent=40983"}],"wp:term":[{"taxonomy":"category","embeddable":true,"href":"https:\/\/www.crossprensa.com.ar\/news\/wp-json\/wp\/v2\/categories?post=40983"},{"taxonomy":"post_tag","embeddable":true,"href":"https:\/\/www.crossprensa.com.ar\/news\/wp-json\/wp\/v2\/tags?post=40983"}],"curies":[{"name":"wp","href":"https:\/\/api.w.org\/{rel}","templated":true}]}}