{"id":39681,"date":"2018-11-19T17:25:49","date_gmt":"2018-11-19T20:25:49","guid":{"rendered":"http:\/\/www.crossprensa.com.ar\/news\/?p=39681"},"modified":"2018-11-19T17:35:31","modified_gmt":"2018-11-19T20:35:31","slug":"sx-barcelona-josh-grant-implacable","status":"publish","type":"post","link":"https:\/\/www.crossprensa.com.ar\/news\/sx-barcelona-josh-grant-implacable\/sx\/","title":{"rendered":"SX BARCELONA: JOSH GRANT IMPLACABLE"},"content":{"rendered":"<p>La vuelta del supercross a Barcelona fue un total \u00e9xito, con ese esperado mano a mano entre Josh Grant con Kawasaki y Malcom Stewart que est\u00e1 en una forma impecable para comenzar en poco mas la temporada en USA. Gran trabajo de Joan Cros, el piloto de LCM Covers! Aqu\u00ed les contamos todo!<\/p>\n<p><!--more--><\/p>\n<p><a href=\"http:\/\/www.lcmcovers.com\/\"><img fetchpriority=\"high\" decoding=\"async\" class=\"alignnone wp-image-39686 size-full\" src=\"http:\/\/www.crossprensa.com.ar\/news\/wp-content\/uploads\/2018\/11\/barra-notas-1.jpg\" alt=\"\" width=\"2045\" height=\"216\" \/><\/a><\/p>\n<p>&nbsp;<\/p>\n<p>Josh Grant logra una gran victoria en el SX de Barcelona. El piloto norteamericano consigui\u00f3 quedarse con la victoria general, logrando vencer en dos de las tres mangas disputadas, y con un segundo puesto en la otra. Se esperaba sin dudas el duelo con Malcom Stewart, que manej\u00f3 de manera incre\u00edble, pero tuvo dos ca\u00eddas al tocarse con rezagados y esto no le permiti\u00f3 pelear codo a codo con Grant, pero fue el ganador de al tercera manga, con lo que le alcanz\u00f3 para lograr el segundo puesto en el podio, adem\u00e1s de haberse ganado la ovaci\u00f3n de todos los espectadores porque dio c\u00e1tedra de Supercross en el Palau Saint Jordi. La gran sorpresa de la noche fue Charles Lefran\u00e7ois quedando tercero en todas las mangas disputadas y obviamente logrando el tercer puesto en el podio.<\/p>\n<p>Por el lado de los locales, el piloto de Lcm Covers, Joan Cros, fue quien sobresali\u00f3 logrando dos cuartas posiciones y un s\u00e9ptimo puesto que lo elevaron a la 5ta. posici\u00f3n final.<\/p>\n<p><img decoding=\"async\" class=\"alignnone wp-image-39687 size-full\" src=\"http:\/\/www.crossprensa.com.ar\/news\/wp-content\/uploads\/2018\/11\/Sin-t\u00edtulo-9-1.jpg\" alt=\"\" width=\"649\" height=\"504\" \/><\/p>\n<p>El vencedor del Face to Face ha sido Malcolm Stewart, que ha podido ganar su duelo particular con Grant y desquitarse de la mala suerte que ha tenido en las dos primeras finales.<\/p>\n<div id=\"mx1on-845808062\" class=\"mx1on-banner-in-post-3\">\n<div id=\"div-gpt-ad-1540396224280-0\" data-google-query-id=\"CJSn_6Cc4d4CFQ5TwQodIaIApA\">\n<div id=\"google_ads_iframe_\/200846984\/Banner-in-post-3_0__container__\"><span style=\"font-size: 1rem;\">En SX2 Nolan Cordens logra ganar con un 2do. y 1ro. en las dos finales.\u00a0<\/span><\/div>\n<\/div>\n<\/div>\n<p>Para destacar la presencia de la categor\u00eda de 125c.c., y aqu\u00ed Oriol Oliver domin\u00f3 contundentemente, ganando ambas mangas.<\/p>\n<p>Sin dudas, la vuelta del Supercross a Barcelona ha sido un \u00e9xito total!<\/p>\n<p>&nbsp;<\/p>\n<aside class=\"mashsb-container mashsb-main mashsb-stretched\">\n<div class=\"mashsb-box\">\n<div class=\"mashsb-buttons\"><\/div>\n<\/div>\n<\/aside>\n","protected":false},"excerpt":{"rendered":"<p>La vuelta del supercross a Barcelona fue un total \u00e9xito, con ese esperado mano a&#8230;<\/p>\n","protected":false},"author":2,"featured_media":39682,"comment_status":"open","ping_status":"open","sticky":false,"template":"","format":"standard","meta":{"om_disable_all_campaigns":false,"_monsterinsights_skip_tracking":false,"_monsterinsights_sitenote_active":false,"_monsterinsights_sitenote_note":"","_monsterinsights_sitenote_category":0,"_uf_show_specific_survey":0,"_uf_disable_surveys":false,"footnotes":""},"categories":[8],"tags":[],"class_list":["post-39681","post","type-post","status-publish","format-standard","has-post-thumbnail","hentry","category-sx"],"aioseo_notices":[],"_links":{"self":[{"href":"https:\/\/www.crossprensa.com.ar\/news\/wp-json\/wp\/v2\/posts\/39681","targetHints":{"allow":["GET"]}}],"collection":[{"href":"https:\/\/www.crossprensa.com.ar\/news\/wp-json\/wp\/v2\/posts"}],"about":[{"href":"https:\/\/www.crossprensa.com.ar\/news\/wp-json\/wp\/v2\/types\/post"}],"author":[{"embeddable":true,"href":"https:\/\/www.crossprensa.com.ar\/news\/wp-json\/wp\/v2\/users\/2"}],"replies":[{"embeddable":true,"href":"https:\/\/www.crossprensa.com.ar\/news\/wp-json\/wp\/v2\/comments?post=39681"}],"version-history":[{"count":3,"href":"https:\/\/www.crossprensa.com.ar\/news\/wp-json\/wp\/v2\/posts\/39681\/revisions"}],"predecessor-version":[{"id":39688,"href":"https:\/\/www.crossprensa.com.ar\/news\/wp-json\/wp\/v2\/posts\/39681\/revisions\/39688"}],"wp:featuredmedia":[{"embeddable":true,"href":"https:\/\/www.crossprensa.com.ar\/news\/wp-json\/wp\/v2\/media\/39682"}],"wp:attachment":[{"href":"https:\/\/www.crossprensa.com.ar\/news\/wp-json\/wp\/v2\/media?parent=39681"}],"wp:term":[{"taxonomy":"category","embeddable":true,"href":"https:\/\/www.crossprensa.com.ar\/news\/wp-json\/wp\/v2\/categories?post=39681"},{"taxonomy":"post_tag","embeddable":true,"href":"https:\/\/www.crossprensa.com.ar\/news\/wp-json\/wp\/v2\/tags?post=39681"}],"curies":[{"name":"wp","href":"https:\/\/api.w.org\/{rel}","templated":true}]}}