{"id":38754,"date":"2018-10-09T16:30:22","date_gmt":"2018-10-09T19:30:22","guid":{"rendered":"http:\/\/www.crossprensa.com.ar\/news\/?p=38754"},"modified":"2018-10-09T16:32:23","modified_gmt":"2018-10-09T19:32:23","slug":"no-hay-descanso-para-lawrence-directamente-en-la-preparacion-de-supercross","status":"publish","type":"post","link":"https:\/\/www.crossprensa.com.ar\/news\/no-hay-descanso-para-lawrence-directamente-en-la-preparacion-de-supercross\/ama-motocross\/","title":{"rendered":"\u00a1NO HAY DESCANSO PARA LAWRENCE DIRECTAMENTE EN LA PREPARACI\u00d3N DE SUPERCROSS!"},"content":{"rendered":"<p>Cuando la mayor\u00eda de los pilotos de MXGP ya consideran algunas vacaciones despu\u00e9s de 19 fechas, el australiano Hunter Lawrence participar\u00e1 en una fase de adaptaci\u00f3n con Geico Honda y aprender\u00e1 entrenamiento en las pistas de prueba de California.<\/p>\n<p><!--more--><\/p>\n<p>Lawrence, quien hizo su \u00faltima carrera de MX2 hace dos semanas en Imola, Italia, como parte del equipo Honda 114 Motorsports, se uni\u00f3 al equipo Geico para los campeonatos 2019 del AMA 250cc SX y MX que fueron destruidos por un lesi\u00f3n en la mano y conmoci\u00f3n cerebral) hab\u00eda estado cerca de la punta del campeonato mundial durante dos a\u00f1os y en 2015 tambi\u00e9n gan\u00f3 en el campeonato europeo EMX250.\u00a0En ese momento corri\u00f3 con Kawasaki, Suzuki y Honda, pero encontr\u00f3 su camino con el ajuste Geico.<\/p>\n<p>&#8220;No estoy tan triste como para irme porque es lo que siempre so\u00f1\u00e9, as\u00ed que estoy estableciendo metas\u201d, admiti\u00f3.<strong>\u00a0<\/strong>&#8220;Fue un a\u00f1o decepcionante y no alcanc\u00e9 lo que decid\u00ed hacer, pero no me voy a sentar a pensar en ello&#8221;.\u00a0Extra\u00f1ar\u00e9 a todas las personas que conoc\u00ed aqu\u00ed.\u00a0&#8221;<\/p>\n<p>Lawrence empac\u00f3 y vol\u00f3 de Imola a Chicago para representar a Australia en la edici\u00f3n 72\u00ba del Motocross de las Naciones y viajar\u00e1 directamente a su nuevo apartamento en Corona, California, donde comenzar\u00e1 la siguiente fase de su carrera.<\/p>\n<p>&#8220;Probaremos y trabajaremos un poco en la suspensi\u00f3n del motocross para anticipar la configuraci\u00f3n para el pr\u00f3ximo a\u00f1o&#8221;<strong>, <\/strong>dijo<strong>.\u00a0<\/strong>&#8220;Tienen cosas que quieren probar para m\u00ed y luego estaremos en el Supercross.\u00a0No tenemos un programa s\u00faper riguroso, pero estar\u00e9 &#8220;adentro&#8221; por un par de semanas despu\u00e9s del MXoN, mientras todav\u00eda tengo ansias en la moto para obtener todos los dial-ins con la configuraci\u00f3n del motor, la suspensi\u00f3n y las diferentes partes de los patrocinadores. Del equipo.\u00a0Analizaremos toda la moto, analizaremos e intentaremos mejorar la sensaci\u00f3n de bienestar que ya tengo en la Honda &#8220;.<\/p>\n<p>Lawrence obtuvo seis podios en el mundial en sus dos temporadas completas y podr\u00eda haber conducido otros tres a\u00f1os en el MX2, pero aprovech\u00f3 la oportunidad con Geico, que tambi\u00e9n ver\u00e1 a su hermano menor Jet (que este a\u00f1o logr\u00f3 resultados buenos en EMX con un Suzuki) para el equipo americano.\u00a0Lawrence deber\u00eda hacer su debut en Anaheim 1 para la apertura de la serie 250SX West.<\/p>\n","protected":false},"excerpt":{"rendered":"<p>Cuando la mayor\u00eda de los pilotos de MXGP ya consideran algunas vacaciones despu\u00e9s de 19&#8230;<\/p>\n","protected":false},"author":2,"featured_media":38756,"comment_status":"open","ping_status":"open","sticky":false,"template":"","format":"standard","meta":{"om_disable_all_campaigns":false,"_monsterinsights_skip_tracking":false,"_monsterinsights_sitenote_active":false,"_monsterinsights_sitenote_note":"","_monsterinsights_sitenote_category":0,"_uf_show_specific_survey":0,"_uf_disable_surveys":false,"footnotes":""},"categories":[25,30,38],"tags":[],"class_list":["post-38754","post","type-post","status-publish","format-standard","has-post-thumbnail","hentry","category-ama-motocross","category-ama-supercross","category-hot-news"],"aioseo_notices":[],"_links":{"self":[{"href":"https:\/\/www.crossprensa.com.ar\/news\/wp-json\/wp\/v2\/posts\/38754","targetHints":{"allow":["GET"]}}],"collection":[{"href":"https:\/\/www.crossprensa.com.ar\/news\/wp-json\/wp\/v2\/posts"}],"about":[{"href":"https:\/\/www.crossprensa.com.ar\/news\/wp-json\/wp\/v2\/types\/post"}],"author":[{"embeddable":true,"href":"https:\/\/www.crossprensa.com.ar\/news\/wp-json\/wp\/v2\/users\/2"}],"replies":[{"embeddable":true,"href":"https:\/\/www.crossprensa.com.ar\/news\/wp-json\/wp\/v2\/comments?post=38754"}],"version-history":[{"count":4,"href":"https:\/\/www.crossprensa.com.ar\/news\/wp-json\/wp\/v2\/posts\/38754\/revisions"}],"predecessor-version":[{"id":38760,"href":"https:\/\/www.crossprensa.com.ar\/news\/wp-json\/wp\/v2\/posts\/38754\/revisions\/38760"}],"wp:featuredmedia":[{"embeddable":true,"href":"https:\/\/www.crossprensa.com.ar\/news\/wp-json\/wp\/v2\/media\/38756"}],"wp:attachment":[{"href":"https:\/\/www.crossprensa.com.ar\/news\/wp-json\/wp\/v2\/media?parent=38754"}],"wp:term":[{"taxonomy":"category","embeddable":true,"href":"https:\/\/www.crossprensa.com.ar\/news\/wp-json\/wp\/v2\/categories?post=38754"},{"taxonomy":"post_tag","embeddable":true,"href":"https:\/\/www.crossprensa.com.ar\/news\/wp-json\/wp\/v2\/tags?post=38754"}],"curies":[{"name":"wp","href":"https:\/\/api.w.org\/{rel}","templated":true}]}}