{"id":38249,"date":"2018-09-08T20:13:06","date_gmt":"2018-09-08T23:13:06","guid":{"rendered":"http:\/\/www.crossprensa.com.ar\/news\/?p=38249"},"modified":"2018-09-08T20:13:06","modified_gmt":"2018-09-08T23:13:06","slug":"un-padre-un-hijo-una-moto","status":"publish","type":"post","link":"https:\/\/www.crossprensa.com.ar\/news\/un-padre-un-hijo-una-moto\/crossprensa\/","title":{"rendered":"Un padre, un hijo, una moto."},"content":{"rendered":"<p>A veces hay cosas que cuesta escribir o describir, mas si se trata de chicos.<\/p>\n<p>La categor\u00eda de los minis en cualquier lado siempre le da un condimento especial, tanto sea por los chicos o por los padres corriendo alrededor de la pista. La semana pasada vi una actitud que si bien no fue la primera vez, digamos que me toc\u00f3 mas profundo por la forma. No voy a dar nombres, pero si decirles una cosa: Dejen que los chicos aprendan jugando y disfrutando la moto, porque si van a trasladar frustraciones y enojos en ellos porque una vez no anduvieron bien, se van a terminar golpeando o dejan de correr como ya pas\u00f3 muchas veces.<\/p>\n<p><!--more--><\/p>\n<p>Esto es parte de mi historia, cuando MI PADRE no me la hizo f\u00e1cil, pero no todos tienen mi suerte ni mi locura. El motocross, es solo un deporte. Un hijo es mucho mas que una moto.<\/p>\n<p><em><strong>Como me la complicaste siempre con las motos viejo\u2026<\/strong><\/em><br \/>\n<em><strong>Nunca entendiste. NUNCA. Que esto nace solo, que no hay forma de explicarlo y que solamente se siente. Creo que esa forma tuya de oponerte conmigo y a mis 12 a\u00f1os de edad, me diste a elegir entre mi casa o la moto mientras me mirabas enfurecido. Y eleg\u00ed la moto\u2026<\/strong><\/em><\/p>\n<p><em><strong>Tuve \u201cotro\u201d pap\u00e1, que fue mi abuelo Ferm\u00edn, amante de los fierros tanto como yo y que dej\u00f3 todo por darme el gusto de correr aunque el quer\u00eda que fuese en auto, so\u00f1aba con verme correr en un TC, y le sal\u00ed esto que Uds. conocen.<\/strong><\/em><br \/>\n<em><strong>Nunca pude restablecer del todo la relaci\u00f3n con mi padre de sangre por el tema de las motos, y demor\u00f3 hasta ver correr a mis hijos para ir a una carrera. Nunca lo quiso.<\/strong><\/em><br \/>\n<em><strong>Mi otro pap\u00e1, se muri\u00f3 en mis brazos con mis manos que no me alcanzaban para atrapar su alma un ratito mas, mientras su piel se iba poniendo fr\u00eda y mis ojos se nublaban tanto con las l\u00e1grimas como en este momento que escribo lleno de recuerdos que se me amontonan solamente para decirle gracias por la vida que me hiciste vivir.<\/strong><\/em><br \/>\n<em><strong>Y a mi viejo, al de sangre, al que siempre se opuso\u2026 Una vez, sentados los dos en la galer\u00eda de mi casa natal, lo mir\u00e9 muy detenidamente.<\/strong><\/em><br \/>\n<em><strong>Su innata inteligencia tan dura como su casi ignorancia por no poder estudiar para ir a cosechar al campo\u2026 Sus historias de nuestra familia \u00e1rabe que siempre me atraparon y esa ense\u00f1anza que le dio la vida en la calle de un Bs. As. Al que se fue escapando de la misera de su pueblo en el norte de Sta. Fe.\u00a0<\/strong><\/em><br \/>\n<em><strong>Le mir\u00e9 las arrugas, el pelo blanco, casi dormitando sus dedos se mov\u00edan al ritmo de no se que, mientras el asado empezaba a chillar en la parrilla. Era un Domingo como hoy.<\/strong><\/em><br \/>\n<em><strong>Esas manos que me pegaron un sopapo en el momento justo, que se mov\u00edan sabias en el bar que ten\u00eda, que me marcaron la vida mientras pudo y lo dej\u00e9. Hizo lo que pudo, hizo lo que sab\u00eda\u2026 No se si era lo que quer\u00eda, pero te amo viejo.<\/strong><\/em><br \/>\n<em><strong>Lo que mas agradezco es hab\u00e9rtelo dicho antes que te fueras all\u00e1&#8230; donde van los que mueren.<\/strong><\/em><br \/>\n<em><strong>Lo que mas lamento, es haber golpeado una tapa de madera de un ata\u00fad pidi\u00e9ndote perd\u00f3n por no haber sido lo que vos quer\u00edas, sino lo que la sangre me marcaba que deb\u00eda ser, esto que soy ahora.<\/strong><\/em><br \/>\n<em><strong>Y me vuelven a ganar las l\u00e1grimas, porque pasaron 40 a\u00f1os\u2026 40!!! Hasta que nos sentamos a hablar. Y no nos entendimos, pero vos me quisiste a tu manera y yo a la m\u00eda, sin concesiones. Por eso me qued\u00e9 con vos hasta que ese interminable pitido que marcaba tus latidos no se cort\u00f3 mas\u2026 revuelo de enfermeras, el c\u00e1ncer hab\u00eda ganado. Yo sab\u00eda que ya estaba, que era as\u00ed.\u00a0<\/strong><\/em><br \/>\n<em><strong>Viejo querido, perd\u00f3n por amar tanto este deporte, nunca me entendiste y creo que hoy sigo pagando consecuencias pero no puedo hacer otra cosa. Mi vida es esto. Prend\u00e9 el fuego est\u00e9s donde est\u00e9s, porque nos debemos ese asado para charlar.\u00a0<\/strong><\/em><br \/>\n<em><strong>Te quiero. Mucho. Tu forma de hacerme la vida imposible con las motos, me hizo lo que soy hoy. Un peleador, porque si te perd\u00ed a vos como padre por esto mir\u00e1 si me va a importar lo que digan otros\u2026 El Motocross es mi vida. Y no lo voy a dejar, pero como no me gusta esconder sentimientos y tengo la bendici\u00f3n de poder describirlos con palabras te digo que te quiero tanto como al motocross\u2026<\/strong><\/em><br \/>\n<em><strong>Y una vez mas te pido perd\u00f3n, en este lugar donde tantos vuelcan tanta pavada yo me sincero con vos.<\/strong><\/em><br \/>\n<em><strong>Y a todos los padres que acompa\u00f1an a sus hijos en el Motocross, de mi parte GRACIAS y Uds., hijos de esos padres, si\u00e9ntanse bendecidos.<\/strong><\/em><br \/>\n<em><strong>Pampero.<\/strong><\/em><\/p>\n","protected":false},"excerpt":{"rendered":"<p>A veces hay cosas que cuesta escribir o describir, mas si se trata de chicos&#8230;.<\/p>\n","protected":false},"author":2,"featured_media":38250,"comment_status":"open","ping_status":"open","sticky":false,"template":"","format":"standard","meta":{"om_disable_all_campaigns":false,"_monsterinsights_skip_tracking":false,"_monsterinsights_sitenote_active":false,"_monsterinsights_sitenote_note":"","_monsterinsights_sitenote_category":0,"_uf_show_specific_survey":0,"_uf_disable_surveys":false,"footnotes":""},"categories":[37,38],"tags":[],"class_list":["post-38249","post","type-post","status-publish","format-standard","has-post-thumbnail","hentry","category-crossprensa","category-hot-news"],"aioseo_notices":[],"_links":{"self":[{"href":"https:\/\/www.crossprensa.com.ar\/news\/wp-json\/wp\/v2\/posts\/38249","targetHints":{"allow":["GET"]}}],"collection":[{"href":"https:\/\/www.crossprensa.com.ar\/news\/wp-json\/wp\/v2\/posts"}],"about":[{"href":"https:\/\/www.crossprensa.com.ar\/news\/wp-json\/wp\/v2\/types\/post"}],"author":[{"embeddable":true,"href":"https:\/\/www.crossprensa.com.ar\/news\/wp-json\/wp\/v2\/users\/2"}],"replies":[{"embeddable":true,"href":"https:\/\/www.crossprensa.com.ar\/news\/wp-json\/wp\/v2\/comments?post=38249"}],"version-history":[{"count":1,"href":"https:\/\/www.crossprensa.com.ar\/news\/wp-json\/wp\/v2\/posts\/38249\/revisions"}],"predecessor-version":[{"id":38251,"href":"https:\/\/www.crossprensa.com.ar\/news\/wp-json\/wp\/v2\/posts\/38249\/revisions\/38251"}],"wp:featuredmedia":[{"embeddable":true,"href":"https:\/\/www.crossprensa.com.ar\/news\/wp-json\/wp\/v2\/media\/38250"}],"wp:attachment":[{"href":"https:\/\/www.crossprensa.com.ar\/news\/wp-json\/wp\/v2\/media?parent=38249"}],"wp:term":[{"taxonomy":"category","embeddable":true,"href":"https:\/\/www.crossprensa.com.ar\/news\/wp-json\/wp\/v2\/categories?post=38249"},{"taxonomy":"post_tag","embeddable":true,"href":"https:\/\/www.crossprensa.com.ar\/news\/wp-json\/wp\/v2\/tags?post=38249"}],"curies":[{"name":"wp","href":"https:\/\/api.w.org\/{rel}","templated":true}]}}