{"id":37991,"date":"2018-08-22T22:26:38","date_gmt":"2018-08-23T01:26:38","guid":{"rendered":"http:\/\/www.crossprensa.com.ar\/news\/?p=37991"},"modified":"2018-08-22T23:26:25","modified_gmt":"2018-08-23T02:26:25","slug":"confirmado-reed-con-suzuki","status":"publish","type":"post","link":"https:\/\/www.crossprensa.com.ar\/news\/confirmado-reed-con-suzuki\/ama-motocross\/","title":{"rendered":"CONFIRMADO: REED CON SUZUKI!!!"},"content":{"rendered":"<p><strong>El ex campe\u00f3n de AMA Motocross Chad Reed correr\u00e1 un Suzuki RM-Z450 este fin de semana en la fecha final del Campeonato Lucas Oil Pro Motocross en Ironman Raceway en Crawfordsville, Indiana para\u00a0el equipo oficial Autotrader \/ Yoshimura \/ Suzuki.\u00a0<\/strong><\/p>\n<p><!--more--><\/p>\n<p>Reed, quien logr\u00f3 su mayor \u00e9xito\u00a0en el motocross sobre una\u00a0Suzuki mientras lograba ganar el Campeonato AMA 450 Pro Motocross 2009,\u00a0volvieron esos poderosos recuerdos renovados recientemente cuando el australiano tuvo la oportunidad de manejar una Suzuki RM-Z450 stock 2018 durante un evento de prensa en California.<\/p>\n<p>Muy impresionado por el RM-Z450, Reed contact\u00f3 al Gerente del equipo Autotrader \/ Yoshimura \/ Suzuki Factory Racing Jeremy Albrecht y le pregunt\u00f3 sobre probar la\u00a0moto en la sede central de JGRMX en Carolina del Norte y la experiencia de prueba fue muy positiva. Tanto que abri\u00f3 la oportunidad para que Reed se\u00a0acomode en el partidor del Ironman National.<\/p>\n<p><strong>Chad Reed:\u00a0<\/strong><\/p>\n<p>&#8220;La oportunidad surgi\u00f3 la semana pasada para probar la Suzuki RM-Z450 oficial.\u00a0Inmediatamente me sent\u00ed c\u00f3modo con la\u00a0moto y el equipo.\u00a0Aunque no hab\u00eda planeado estar en &#8220;modo de carrera&#8221; durante otras seis semanas, es una oportunidad para salir y hacer lo que m\u00e1s amo, que es correr.\u00a0No he competido en motocross por\u00a0tres a\u00f1os, pero tengo esos sentimientos de nerviosismo y excitaci\u00f3n de\u00a0carrera para volver a largar.\u00a0Estoy feliz de ayudar al equipo y a los patrocinadores, mientras que algunos de sus pilotos est\u00e1n heridos.\u00a0Me siento como un ni\u00f1o que una vez m\u00e1s puede montar una\u00a0moto de f\u00e1brica y correr con un equipo altamente motivado.\u00a0\u00a1Espero ver a muchos fan\u00e1ticos de &#8217;22&#8217; este fin de semana! &#8221;<\/p>\n<p>El Gerente del equipo Autotrader \/ Yoshimura \/ Suzuki Factory Racing, Jeremy Albrecht, est\u00e1 emocionado de trabajar con uno de los pilotos m\u00e1s exitosos y populares del deporte.<br \/>\n<img fetchpriority=\"high\" decoding=\"async\" class=\"aligncenter wp-image-37993 size-full\" src=\"http:\/\/www.crossprensa.com.ar\/news\/wp-content\/uploads\/2018\/08\/Gr\u00e1ficoz18443.jpg\" alt=\"\" width=\"458\" height=\"337\" srcset=\"https:\/\/www.crossprensa.com.ar\/news\/wp-content\/uploads\/2018\/08\/Gr\u00e1ficoz18443.jpg 458w, https:\/\/www.crossprensa.com.ar\/news\/wp-content\/uploads\/2018\/08\/Gr\u00e1ficoz18443-300x221.jpg 300w\" sizes=\"(max-width: 458px) 100vw, 458px\" \/><\/p>\n<p><strong>Jeremy Albrecht &#8211; Team Manager:<\/strong><\/p>\n<p>&#8220;Chad Reed es\u00a0muy bienvenido al equipo para este fin de semana.\u00a0Estoy muy impresionado por sus resultados con las pruebas y su profesionalismo.\u00a0Chad se sinti\u00f3 c\u00f3modo casi de inmediato en el Suzuki RM-Z450 y se ve\u00eda genial.\u00a0\u00a1El \u00faltimo National del a\u00f1o se volvi\u00f3 mucho m\u00e1s interesante, por decir lo menos!\u00a0Deber\u00eda ser una experiencia divertida para todo el equipo &#8220;.<br \/>\nChad Reed se unir\u00e1 a Justin Hill, quien todav\u00eda est\u00e1 arrastrando una rodilla lastimada, en la clase 450, mientras que Enzo Lopes y Jimmy Decotis competir\u00e1n en la clase 250 en sus Suzuki RM- Z250&#8217;s.<\/p>\n<p><img decoding=\"async\" class=\"aligncenter wp-image-37912 size-full\" src=\"http:\/\/www.crossprensa.com.ar\/news\/wp-content\/uploads\/2018\/08\/7609a748-7597-4dd5-99f9-325491eacf03.jpg\" alt=\"\" width=\"1204\" height=\"1202\" \/><\/p>\n","protected":false},"excerpt":{"rendered":"<p>El ex campe\u00f3n de AMA Motocross Chad Reed correr\u00e1 un Suzuki RM-Z450 este fin de&#8230;<\/p>\n","protected":false},"author":2,"featured_media":37992,"comment_status":"open","ping_status":"open","sticky":false,"template":"","format":"standard","meta":{"om_disable_all_campaigns":false,"_monsterinsights_skip_tracking":false,"_monsterinsights_sitenote_active":false,"_monsterinsights_sitenote_note":"","_monsterinsights_sitenote_category":0,"_uf_show_specific_survey":0,"_uf_disable_surveys":false,"footnotes":""},"categories":[25,38],"tags":[],"class_list":["post-37991","post","type-post","status-publish","format-standard","has-post-thumbnail","hentry","category-ama-motocross","category-hot-news"],"aioseo_notices":[],"_links":{"self":[{"href":"https:\/\/www.crossprensa.com.ar\/news\/wp-json\/wp\/v2\/posts\/37991","targetHints":{"allow":["GET"]}}],"collection":[{"href":"https:\/\/www.crossprensa.com.ar\/news\/wp-json\/wp\/v2\/posts"}],"about":[{"href":"https:\/\/www.crossprensa.com.ar\/news\/wp-json\/wp\/v2\/types\/post"}],"author":[{"embeddable":true,"href":"https:\/\/www.crossprensa.com.ar\/news\/wp-json\/wp\/v2\/users\/2"}],"replies":[{"embeddable":true,"href":"https:\/\/www.crossprensa.com.ar\/news\/wp-json\/wp\/v2\/comments?post=37991"}],"version-history":[{"count":4,"href":"https:\/\/www.crossprensa.com.ar\/news\/wp-json\/wp\/v2\/posts\/37991\/revisions"}],"predecessor-version":[{"id":37997,"href":"https:\/\/www.crossprensa.com.ar\/news\/wp-json\/wp\/v2\/posts\/37991\/revisions\/37997"}],"wp:featuredmedia":[{"embeddable":true,"href":"https:\/\/www.crossprensa.com.ar\/news\/wp-json\/wp\/v2\/media\/37992"}],"wp:attachment":[{"href":"https:\/\/www.crossprensa.com.ar\/news\/wp-json\/wp\/v2\/media?parent=37991"}],"wp:term":[{"taxonomy":"category","embeddable":true,"href":"https:\/\/www.crossprensa.com.ar\/news\/wp-json\/wp\/v2\/categories?post=37991"},{"taxonomy":"post_tag","embeddable":true,"href":"https:\/\/www.crossprensa.com.ar\/news\/wp-json\/wp\/v2\/tags?post=37991"}],"curies":[{"name":"wp","href":"https:\/\/api.w.org\/{rel}","templated":true}]}}