{"id":37643,"date":"2018-07-30T11:51:14","date_gmt":"2018-07-30T14:51:14","guid":{"rendered":"http:\/\/www.crossprensa.com.ar\/news\/?p=37643"},"modified":"2018-07-30T11:51:14","modified_gmt":"2018-07-30T14:51:14","slug":"endurocross-reconquista-exito","status":"publish","type":"post","link":"https:\/\/www.crossprensa.com.ar\/news\/endurocross-reconquista-exito\/hot-news\/","title":{"rendered":"ENDUROCROSS RECONQUISTA = EXITO"},"content":{"rendered":"<p>Muchas motos, buen espect\u00e1culo, much\u00edsimo p\u00fablico, sol, un d\u00eda casi primaveral&#8230; que mas pedir?<\/p>\n<p>Colmados de buen trato y buena onda desde que llegamos a la ciudad de Reconquista, esper\u00e1bamos encontrarnos con algo bueno, sin saber que iba a ser tan lindo! Muy positivo y agradable encontrar estos emprendimientos deportivos para una zona que estaba bastante olvidada para el Motocross y el Enduro, pero de la mano de Fernando Blanco y Daniel Schiro lograron revertir al situaci\u00f3n, y que cada uno de los que particip\u00f3 se sienta UN PILOTO RECONOCIDO en todo sentido.<\/p>\n<p><!--more--><\/p>\n<p><img fetchpriority=\"high\" decoding=\"async\" class=\"aligncenter size-large wp-image-37645\" src=\"http:\/\/www.crossprensa.com.ar\/news\/wp-content\/uploads\/2018\/07\/DSC0320-1600x1200-600x400.jpg\" alt=\"\" width=\"600\" height=\"400\" srcset=\"https:\/\/www.crossprensa.com.ar\/news\/wp-content\/uploads\/2018\/07\/DSC0320-1600x1200-600x400.jpg 600w, https:\/\/www.crossprensa.com.ar\/news\/wp-content\/uploads\/2018\/07\/DSC0320-1600x1200-300x200.jpg 300w, https:\/\/www.crossprensa.com.ar\/news\/wp-content\/uploads\/2018\/07\/DSC0320-1600x1200-768x512.jpg 768w, https:\/\/www.crossprensa.com.ar\/news\/wp-content\/uploads\/2018\/07\/DSC0320-1600x1200-120x80.jpg 120w, https:\/\/www.crossprensa.com.ar\/news\/wp-content\/uploads\/2018\/07\/DSC0320-1600x1200.jpg 1239w\" sizes=\"(max-width: 600px) 100vw, 600px\" \/><\/p>\n<p>Llegar al aut\u00f3dromo de Reconquista y ver la gran cantidad de carpas, la prolijidad en el \u00f3rden y la presentaci\u00f3n fue de un impacto visual inmediato, porque las carreras SIEMPRE las miramos desde antes de entrar. Luego, la recepci\u00f3n de la gente muy amable, buena onda y predispuesta a solucionar cualquier inconveniente por menor que fuese. Si pas\u00f3 algo, no fue por ellos sino por gente que como pasa muchas veces quiere ser protagonista sin medir consecuencias pero sinceramente no da ni para comentarlo. Lo lamentable es que si se iba una moto afuera, arruinaban una fiesta por imprudentes.<\/p>\n<p><img decoding=\"async\" class=\"aligncenter size-large wp-image-37646\" src=\"http:\/\/www.crossprensa.com.ar\/news\/wp-content\/uploads\/2018\/07\/DSC0341-1600x1200-1-600x400.jpg\" alt=\"\" width=\"600\" height=\"400\" \/><\/p>\n<p>En el circuito, estando dentro, se ve\u00eda tan prolijo y trabajado que daba la pauta de todo lo que hab\u00edan trabajado para dejarlo as\u00ed. Para la cantidad de motos presentes el ancho era correcto, pero no del todo suficiente en algunos lugares, y la cercan\u00eda entre recorridos tambi\u00e9n tiene algunos riesgos pero pueden subsanarse f\u00e1cilmente. Riego por aspersi\u00f3n con un pilet\u00f3n artificial al lado de la pista, evitaba el ingreso del cami\u00f3n regador, la maquinaria siempre activa para reacomodar la pista, y el grupo de gente dispuesta a agarrar la pala siempre. Los banderilleros, trabajaron bien aunque por ah\u00ed mas acostumbrados a otras especialidades de deporte motor hac\u00eda que algunos se asustaran por golpes que no ten\u00edan consecuencia por mas que se vieran aparatosos y eso hizo que alguna vez se movieran m\u00e9dicos o camillas sin necesidad pero obviamente ir\u00e1n aprendiendo. Incluso los pilotos, CASI todos, respetuosos de las banderas amarillas.<\/p>\n<p><img decoding=\"async\" class=\"aligncenter size-large wp-image-37647\" src=\"http:\/\/www.crossprensa.com.ar\/news\/wp-content\/uploads\/2018\/07\/DSC0435-1600x1200-600x400.jpg\" alt=\"\" width=\"600\" height=\"400\" \/><\/p>\n<p>Para destacar la atenta presencia de Fernando Blanco en todo momento, sobre una silla elevada no se le escapaba nada de lo que pasaba en la pista y siempre respondiendo a todo. Daniel Schiro como comisario deportivo, me sorprendi\u00f3. Actuando impecable, sin inconvenientes, y excelente el cronometraje que nos tuvo informados al instante de todo.<\/p>\n<p><img loading=\"lazy\" decoding=\"async\" class=\"aligncenter size-large wp-image-37648\" src=\"http:\/\/www.crossprensa.com.ar\/news\/wp-content\/uploads\/2018\/07\/DSC0478-1600x1200-600x400.jpg\" alt=\"\" width=\"600\" height=\"400\" \/><\/p>\n<p>La gran sorpresa fue el respeto de los horarios en TODO, y la convocatoria de p\u00fablico. Incluso cuando faltaban correrse solo dos mangas finales, la gente segu\u00eda ingresando y lo hizo en gran n\u00famero (No creo equivocarme si estimo 3000 personas), que adem\u00e1s no dejaron de aplaudir y comportarse correctamente en todo momento porque no vi a nadie que ingresara a la pista para NADA.<\/p>\n<p><img loading=\"lazy\" decoding=\"async\" class=\"aligncenter size-large wp-image-37649\" src=\"http:\/\/www.crossprensa.com.ar\/news\/wp-content\/uploads\/2018\/07\/DSC0547-1600x1200-600x400.jpg\" alt=\"\" width=\"600\" height=\"400\" \/><\/p>\n<p>En breve, les dejaremos los resultados, mas fotos y videos de lo que fue uno de los fines de semana mas lindos que pasamos en mucho tiempo adem\u00e1s de compartir con Luisito Astray y Gachi de Crossworld y los colegas correntinos Gabriel Tiscornia y Carlos Villagra, adem\u00e1s de varios otros periodistas a los que lamentablemente no conozco pero se mostraron interesados y asombrados de lo que ve\u00edan.<\/p>\n<p><img loading=\"lazy\" decoding=\"async\" class=\"aligncenter size-large wp-image-37650\" src=\"http:\/\/www.crossprensa.com.ar\/news\/wp-content\/uploads\/2018\/07\/DSC0585-1600x1200-600x400.jpg\" alt=\"\" width=\"600\" height=\"400\" \/><\/p>\n<p>El Endurocross del Norte Santafesino est\u00e1 creciendo, y los vamos a acompa\u00f1ar con Crossprensa.<\/p>\n<p>Uds, pilotos. La pr\u00f3xima carrera: Se la van a perder?<\/p>\n<p>La \u00faltima foto para Juan Cruz Gonseski, de Eldorado -Misiones, ven\u00eda ganando con buena diferencia ambas mangas&#8230; en las dos se qued\u00f3 de a pi\u00e9. Te ganaste el reconocimiento, misionero!<\/p>\n<p><img loading=\"lazy\" decoding=\"async\" class=\"aligncenter size-large wp-image-37651\" src=\"http:\/\/www.crossprensa.com.ar\/news\/wp-content\/uploads\/2018\/07\/DSC0623-1600x1200-600x400.jpg\" alt=\"\" width=\"600\" height=\"400\" \/><\/p>\n","protected":false},"excerpt":{"rendered":"<p>Muchas motos, buen espect\u00e1culo, much\u00edsimo p\u00fablico, sol, un d\u00eda casi primaveral&#8230; que mas pedir? Colmados&#8230;<\/p>\n","protected":false},"author":2,"featured_media":0,"comment_status":"open","ping_status":"open","sticky":false,"template":"","format":"standard","meta":{"om_disable_all_campaigns":false,"_monsterinsights_skip_tracking":false,"_monsterinsights_sitenote_active":false,"_monsterinsights_sitenote_note":"","_monsterinsights_sitenote_category":0,"_uf_show_specific_survey":0,"_uf_disable_surveys":false,"footnotes":""},"categories":[38],"tags":[],"class_list":["post-37643","post","type-post","status-publish","format-standard","hentry","category-hot-news"],"aioseo_notices":[],"_links":{"self":[{"href":"https:\/\/www.crossprensa.com.ar\/news\/wp-json\/wp\/v2\/posts\/37643","targetHints":{"allow":["GET"]}}],"collection":[{"href":"https:\/\/www.crossprensa.com.ar\/news\/wp-json\/wp\/v2\/posts"}],"about":[{"href":"https:\/\/www.crossprensa.com.ar\/news\/wp-json\/wp\/v2\/types\/post"}],"author":[{"embeddable":true,"href":"https:\/\/www.crossprensa.com.ar\/news\/wp-json\/wp\/v2\/users\/2"}],"replies":[{"embeddable":true,"href":"https:\/\/www.crossprensa.com.ar\/news\/wp-json\/wp\/v2\/comments?post=37643"}],"version-history":[{"count":1,"href":"https:\/\/www.crossprensa.com.ar\/news\/wp-json\/wp\/v2\/posts\/37643\/revisions"}],"predecessor-version":[{"id":37652,"href":"https:\/\/www.crossprensa.com.ar\/news\/wp-json\/wp\/v2\/posts\/37643\/revisions\/37652"}],"wp:attachment":[{"href":"https:\/\/www.crossprensa.com.ar\/news\/wp-json\/wp\/v2\/media?parent=37643"}],"wp:term":[{"taxonomy":"category","embeddable":true,"href":"https:\/\/www.crossprensa.com.ar\/news\/wp-json\/wp\/v2\/categories?post=37643"},{"taxonomy":"post_tag","embeddable":true,"href":"https:\/\/www.crossprensa.com.ar\/news\/wp-json\/wp\/v2\/tags?post=37643"}],"curies":[{"name":"wp","href":"https:\/\/api.w.org\/{rel}","templated":true}]}}