{"id":36766,"date":"2018-06-20T14:06:40","date_gmt":"2018-06-20T17:06:40","guid":{"rendered":"http:\/\/www.crossprensa.com.ar\/news\/?p=36766"},"modified":"2018-06-20T14:06:40","modified_gmt":"2018-06-20T17:06:40","slug":"mxgp-darian-sanayei-tuvo-una-cirugia-exitosa","status":"publish","type":"post","link":"https:\/\/www.crossprensa.com.ar\/news\/mxgp-darian-sanayei-tuvo-una-cirugia-exitosa\/mxgp\/","title":{"rendered":"MXGP: DARIAN SANAYEI TUVO UNA CIRUG\u00cdA EXITOSA"},"content":{"rendered":"<p>El Piloto Darian Sanayei, de Kawasaki, se someti\u00f3 a una exitosa cirug\u00eda esta semana en California y comenz\u00f3 el proceso de rehabilitaci\u00f3n para recuperar su velocidad comprobada en el campeonato mundial de MX2.<\/p>\n<p><!--more--><\/p>\n<p>Lesionado durante la fecha del campeonato nacional brit\u00e1nico a principios de abril, Darian Sanayei pas\u00f3 varias semanas fuera para tratar de recuperarse de su lesi\u00f3n en la rodilla antes de regresar al Gran Premio de Gran Breta\u00f1a hace dos semanas.\u00a0Despu\u00e9s de hacer algunas vueltas muy r\u00e1pidas durante las sesiones de pr\u00e1ctica, el joven estadounidense, que acaba de cumplir 22 esta semana, no pudo mantener la velocidad sobre sus rivales y decidi\u00f3 someterse a la cirug\u00eda, ya que implica un largo proceso de rehabilitaci\u00f3n despu\u00e9s de una cirug\u00eda de rodilla.\u00a0Regres\u00f3 a los Estados Unidos para operar el mi\u00e9rcoles pasado y qued\u00f3 satisfecho con el resultado.<\/p>\n<p>&#8220;La cirug\u00eda fue bien;\u00a0han hecho todo lo necesario y ahora est\u00e1 en un hotel que descansa por unos d\u00edas.\u00a0Espero poder comenzar a moverme y hacer fisioterapias pronto &#8220;,\u00a0dijo Darian\u00a0, quien ahora se est\u00e1 concentrando en la pr\u00f3xima temporada.\u00a0Despu\u00e9s de conseguir su primer podio para MX2 este a\u00f1o en Argentina y Espa\u00f1a, Darian sabe que puede competir por los podios de un GP en el futuro cercano.\u00a0&#8220;Es bueno saber ahora que la operaci\u00f3n ha terminado. Puedo comenzar a enfocarme en la salud para la pr\u00f3xima temporada.\u00a0Me gustar\u00eda agradecer a Kawasaki y a todo el equipo por su apoyo &#8220;, agreg\u00f3.<\/p>\n<p>La familia Kawasaki le desea una buena recuperaci\u00f3n y espera verlo a la vanguardia de las competiciones la pr\u00f3xima temporada.<\/p>\n","protected":false},"excerpt":{"rendered":"<p>El Piloto Darian Sanayei, de Kawasaki, se someti\u00f3 a una exitosa cirug\u00eda esta semana en&#8230;<\/p>\n","protected":false},"author":2,"featured_media":36767,"comment_status":"open","ping_status":"open","sticky":false,"template":"","format":"standard","meta":{"om_disable_all_campaigns":false,"_monsterinsights_skip_tracking":false,"_monsterinsights_sitenote_active":false,"_monsterinsights_sitenote_note":"","_monsterinsights_sitenote_category":0,"_uf_show_specific_survey":0,"_uf_disable_surveys":false,"footnotes":""},"categories":[38,24],"tags":[],"class_list":["post-36766","post","type-post","status-publish","format-standard","has-post-thumbnail","hentry","category-hot-news","category-mxgp"],"aioseo_notices":[],"_links":{"self":[{"href":"https:\/\/www.crossprensa.com.ar\/news\/wp-json\/wp\/v2\/posts\/36766","targetHints":{"allow":["GET"]}}],"collection":[{"href":"https:\/\/www.crossprensa.com.ar\/news\/wp-json\/wp\/v2\/posts"}],"about":[{"href":"https:\/\/www.crossprensa.com.ar\/news\/wp-json\/wp\/v2\/types\/post"}],"author":[{"embeddable":true,"href":"https:\/\/www.crossprensa.com.ar\/news\/wp-json\/wp\/v2\/users\/2"}],"replies":[{"embeddable":true,"href":"https:\/\/www.crossprensa.com.ar\/news\/wp-json\/wp\/v2\/comments?post=36766"}],"version-history":[{"count":1,"href":"https:\/\/www.crossprensa.com.ar\/news\/wp-json\/wp\/v2\/posts\/36766\/revisions"}],"predecessor-version":[{"id":36768,"href":"https:\/\/www.crossprensa.com.ar\/news\/wp-json\/wp\/v2\/posts\/36766\/revisions\/36768"}],"wp:featuredmedia":[{"embeddable":true,"href":"https:\/\/www.crossprensa.com.ar\/news\/wp-json\/wp\/v2\/media\/36767"}],"wp:attachment":[{"href":"https:\/\/www.crossprensa.com.ar\/news\/wp-json\/wp\/v2\/media?parent=36766"}],"wp:term":[{"taxonomy":"category","embeddable":true,"href":"https:\/\/www.crossprensa.com.ar\/news\/wp-json\/wp\/v2\/categories?post=36766"},{"taxonomy":"post_tag","embeddable":true,"href":"https:\/\/www.crossprensa.com.ar\/news\/wp-json\/wp\/v2\/tags?post=36766"}],"curies":[{"name":"wp","href":"https:\/\/api.w.org\/{rel}","templated":true}]}}