{"id":36680,"date":"2018-06-13T15:20:43","date_gmt":"2018-06-13T18:20:43","guid":{"rendered":"http:\/\/www.crossprensa.com.ar\/news\/?p=36680"},"modified":"2018-06-13T15:20:43","modified_gmt":"2018-06-13T18:20:43","slug":"ultimo-momento-se-quebro-herlings","status":"publish","type":"post","link":"https:\/\/www.crossprensa.com.ar\/news\/ultimo-momento-se-quebro-herlings\/mxgp\/","title":{"rendered":"ULTIMO MOMENTO: SE QUEBR\u00d3 HERLINGS!!!"},"content":{"rendered":"<p>El l\u00edder de puntos de MXGP, campe\u00f3n mundial de motocross de la FIM, Jeffrey Herlings, sufri\u00f3 una fractura en la clav\u00edcula derecha hoy mientras practicaba en Berghem en Holanda, y es lo que KTM Factory Racing public\u00f3 en su p\u00e1gina de Facebook.<\/p>\n<p><!--more--><\/p>\n<p>El equipo dijo que Herlings tiene programado un procedimiento quir\u00fargico en la cl\u00ednica del cirujano Dr. Claes en las pr\u00f3ximas horas para reparar una fractura cerca de una plaqueta que se insert\u00f3 a partir de una lesi\u00f3n anterior.\u00a0El equipo dijo <em><strong>&#8220;es muy probable&#8221;<\/strong><\/em> que Herlings se pierda el MXGP de Lombardia de este fin de semana en Ottobiano en Italia.<\/p>\n<p>Despu\u00e9s de la carrera de este fin de semana hay un descanso de dos semanas antes del MXGP de Indonesia el 1 de julio.<\/p>\n<p>Ampliaremos.<\/p>\n<p>Foto de tapa: Ferm\u00edn Guti\u00e9rrez<\/p>\n","protected":false},"excerpt":{"rendered":"<p>El l\u00edder de puntos de MXGP, campe\u00f3n mundial de motocross de la FIM, Jeffrey Herlings,&#8230;<\/p>\n","protected":false},"author":2,"featured_media":36681,"comment_status":"open","ping_status":"open","sticky":false,"template":"","format":"standard","meta":{"om_disable_all_campaigns":false,"_monsterinsights_skip_tracking":false,"_monsterinsights_sitenote_active":false,"_monsterinsights_sitenote_note":"","_monsterinsights_sitenote_category":0,"_uf_show_specific_survey":0,"_uf_disable_surveys":false,"footnotes":""},"categories":[38,24],"tags":[],"class_list":["post-36680","post","type-post","status-publish","format-standard","has-post-thumbnail","hentry","category-hot-news","category-mxgp"],"aioseo_notices":[],"_links":{"self":[{"href":"https:\/\/www.crossprensa.com.ar\/news\/wp-json\/wp\/v2\/posts\/36680","targetHints":{"allow":["GET"]}}],"collection":[{"href":"https:\/\/www.crossprensa.com.ar\/news\/wp-json\/wp\/v2\/posts"}],"about":[{"href":"https:\/\/www.crossprensa.com.ar\/news\/wp-json\/wp\/v2\/types\/post"}],"author":[{"embeddable":true,"href":"https:\/\/www.crossprensa.com.ar\/news\/wp-json\/wp\/v2\/users\/2"}],"replies":[{"embeddable":true,"href":"https:\/\/www.crossprensa.com.ar\/news\/wp-json\/wp\/v2\/comments?post=36680"}],"version-history":[{"count":1,"href":"https:\/\/www.crossprensa.com.ar\/news\/wp-json\/wp\/v2\/posts\/36680\/revisions"}],"predecessor-version":[{"id":36682,"href":"https:\/\/www.crossprensa.com.ar\/news\/wp-json\/wp\/v2\/posts\/36680\/revisions\/36682"}],"wp:featuredmedia":[{"embeddable":true,"href":"https:\/\/www.crossprensa.com.ar\/news\/wp-json\/wp\/v2\/media\/36681"}],"wp:attachment":[{"href":"https:\/\/www.crossprensa.com.ar\/news\/wp-json\/wp\/v2\/media?parent=36680"}],"wp:term":[{"taxonomy":"category","embeddable":true,"href":"https:\/\/www.crossprensa.com.ar\/news\/wp-json\/wp\/v2\/categories?post=36680"},{"taxonomy":"post_tag","embeddable":true,"href":"https:\/\/www.crossprensa.com.ar\/news\/wp-json\/wp\/v2\/tags?post=36680"}],"curies":[{"name":"wp","href":"https:\/\/api.w.org\/{rel}","templated":true}]}}