{"id":36464,"date":"2018-06-01T08:08:05","date_gmt":"2018-06-01T11:08:05","guid":{"rendered":"http:\/\/www.crossprensa.com.ar\/news\/?p=36464"},"modified":"2018-06-01T08:08:05","modified_gmt":"2018-06-01T11:08:05","slug":"panafrica-2018-farres-en-buggy","status":"publish","type":"post","link":"https:\/\/www.crossprensa.com.ar\/news\/panafrica-2018-farres-en-buggy\/dakar\/","title":{"rendered":"PANAFRICA 2018: FARRES EN BUGGY"},"content":{"rendered":"<p>PANAFRICA RALLY 2018<\/p>\n<p>Gerard Farr\u00e9s, correr\u00e1 el pr\u00f3ximo Panafrica Rally que se disputara del 07 al 15 de Septiembre en Marruecos a los mandos de un SSV, afronta el reto como parte de su preparaci\u00f3n en la nueva modalidad. \u201cEl objetivo del entrenamiento es tomar ritmo..\u201d. Y Crossprensa, estar\u00e1 ah\u00ed.<\/p>\n<p><!--more--><\/p>\n<p>La organizaci\u00f3n tiene el honor de comunicar la participaci\u00f3n de\u00a0<strong>Gerard Farr\u00e9s<\/strong>, el piloto catal\u00e1n, quinto en la \u00faltima edici\u00f3n del\u00a0<strong>Dakar<\/strong>, que participo en la prueba a los mandos de su\u00a0<strong>KTM<\/strong>\u00a0del equipo\u00a0<strong>Himoinsa<\/strong>\u00a0en su ultima temporada como piloto de Motos.<\/p>\n<p>Despu\u00e9s del verano se entra de lleno en la fase de preparaci\u00f3n del Dakar, que es l\u00f3gicamente el gran objetivo a conseguir de la temporada y su presencia en el\u00a0<strong>Pan\u00e1frica Rally<\/strong>\u00a0forma parte de los preparativos.<\/p>\n<p><strong>Gerard Farr\u00e9s<\/strong>, al respecto, comenta que\u00a0<em>\u201centramos en un momento intenso de la temporada, cuya culminaci\u00f3n seria el Dakar a los mandos de un<strong>\u00a0SSV<\/strong>. Hay que entrenar fuerte, el objetivo del entrenamiento es tomar ritmo es esta nueva categor\u00eda<\/em>\u201d.<\/p>\n<p>&nbsp;<\/p>\n","protected":false},"excerpt":{"rendered":"<p>PANAFRICA RALLY 2018 Gerard Farr\u00e9s, correr\u00e1 el pr\u00f3ximo Panafrica Rally que se disputara del 07&#8230;<\/p>\n","protected":false},"author":2,"featured_media":0,"comment_status":"open","ping_status":"open","sticky":false,"template":"","format":"standard","meta":{"om_disable_all_campaigns":false,"_monsterinsights_skip_tracking":false,"_monsterinsights_sitenote_active":false,"_monsterinsights_sitenote_note":"","_monsterinsights_sitenote_category":0,"_uf_show_specific_survey":0,"_uf_disable_surveys":false,"footnotes":""},"categories":[11,38],"tags":[],"class_list":["post-36464","post","type-post","status-publish","format-standard","hentry","category-dakar","category-hot-news"],"aioseo_notices":[],"_links":{"self":[{"href":"https:\/\/www.crossprensa.com.ar\/news\/wp-json\/wp\/v2\/posts\/36464","targetHints":{"allow":["GET"]}}],"collection":[{"href":"https:\/\/www.crossprensa.com.ar\/news\/wp-json\/wp\/v2\/posts"}],"about":[{"href":"https:\/\/www.crossprensa.com.ar\/news\/wp-json\/wp\/v2\/types\/post"}],"author":[{"embeddable":true,"href":"https:\/\/www.crossprensa.com.ar\/news\/wp-json\/wp\/v2\/users\/2"}],"replies":[{"embeddable":true,"href":"https:\/\/www.crossprensa.com.ar\/news\/wp-json\/wp\/v2\/comments?post=36464"}],"version-history":[{"count":1,"href":"https:\/\/www.crossprensa.com.ar\/news\/wp-json\/wp\/v2\/posts\/36464\/revisions"}],"predecessor-version":[{"id":36466,"href":"https:\/\/www.crossprensa.com.ar\/news\/wp-json\/wp\/v2\/posts\/36464\/revisions\/36466"}],"wp:attachment":[{"href":"https:\/\/www.crossprensa.com.ar\/news\/wp-json\/wp\/v2\/media?parent=36464"}],"wp:term":[{"taxonomy":"category","embeddable":true,"href":"https:\/\/www.crossprensa.com.ar\/news\/wp-json\/wp\/v2\/categories?post=36464"},{"taxonomy":"post_tag","embeddable":true,"href":"https:\/\/www.crossprensa.com.ar\/news\/wp-json\/wp\/v2\/tags?post=36464"}],"curies":[{"name":"wp","href":"https:\/\/api.w.org\/{rel}","templated":true}]}}