{"id":36080,"date":"2018-05-12T11:48:18","date_gmt":"2018-05-12T14:48:18","guid":{"rendered":"http:\/\/www.crossprensa.com.ar\/news\/?p=36080"},"modified":"2018-05-12T11:48:18","modified_gmt":"2018-05-12T14:48:18","slug":"mundial-mx2-latvia","status":"publish","type":"post","link":"https:\/\/www.crossprensa.com.ar\/news\/mundial-mx2-latvia\/mxgp\/","title":{"rendered":"MUNDIAL MX2 &#8211; LATVIA"},"content":{"rendered":"<p>PRADO ES HOY, EL HOMBRE A BATIR.<\/p>\n<p>Una carrera impresionante de Jorge Prado Garc\u00eda sobre su KTM oficial, y sin dudas mostrando que puede correr &#8220;Estilo Herlings&#8221;. Jonass con otra largada desastrosa tuvo que avanzar desde el puesto 19, pero no pudo hacer demasiado. Y para destacar ampliamente CARRERON del espa\u00f1ol Rub\u00e9n Fern\u00e1ndez con Kawasaki.<\/p>\n<p><!--more--><\/p>\n<table width=\"59%\">\n<tbody>\n<tr>\n<td>1<\/td>\n<td>61<\/td>\n<td><a href=\"https:\/\/results.mxgp.com\/resultsrider.aspx?ct=1&amp;e=3307&amp;c=7&amp;r=4255\">Prado, Jorge<\/a><\/td>\n<td>ESP<\/td>\n<td>RFME<\/td>\n<td>KTM<\/td>\n<td>24:09.314<\/td>\n<\/tr>\n<tr>\n<td>2<\/td>\n<td>919<\/td>\n<td><a href=\"https:\/\/results.mxgp.com\/resultsrider.aspx?ct=1&amp;e=3307&amp;c=7&amp;r=4149\">Watson, Ben<\/a><\/td>\n<td>GBR<\/td>\n<td>ACU<\/td>\n<td>Yamaha<\/td>\n<td>0:06.149<\/td>\n<\/tr>\n<tr>\n<td>3<\/td>\n<td>96<\/td>\n<td><a href=\"https:\/\/results.mxgp.com\/resultsrider.aspx?ct=1&amp;e=3307&amp;c=7&amp;r=4246\">Lawrence, Hunter<\/a><\/td>\n<td>AUS<\/td>\n<td>MA<\/td>\n<td>Honda<\/td>\n<td>0:16.130<\/td>\n<\/tr>\n<tr>\n<td>4<\/td>\n<td>426<\/td>\n<td><a href=\"https:\/\/results.mxgp.com\/resultsrider.aspx?ct=1&amp;e=3307&amp;c=7&amp;r=4641\">Mewse, Conrad<\/a><\/td>\n<td>GBR<\/td>\n<td>ACU<\/td>\n<td>KTM<\/td>\n<td>0:18.654<\/td>\n<\/tr>\n<tr>\n<td>5<\/td>\n<td>193<\/td>\n<td><a href=\"https:\/\/results.mxgp.com\/resultsrider.aspx?ct=1&amp;e=3307&amp;c=7&amp;r=5066\">Geerts, Jago<\/a><\/td>\n<td>BEL<\/td>\n<td>FMB<\/td>\n<td>Yamaha<\/td>\n<td>0:25.607<\/td>\n<\/tr>\n<tr>\n<td>6<\/td>\n<td>29<\/td>\n<td><a href=\"https:\/\/results.mxgp.com\/resultsrider.aspx?ct=1&amp;e=3307&amp;c=7&amp;r=3827\">Jacobi, Henry<\/a><\/td>\n<td>GER<\/td>\n<td>DMSB<\/td>\n<td>Husqvarna<\/td>\n<td>0:31.270<\/td>\n<\/tr>\n<tr>\n<td>7<\/td>\n<td>19<\/td>\n<td><a href=\"https:\/\/results.mxgp.com\/resultsrider.aspx?ct=1&amp;e=3307&amp;c=7&amp;r=4036\">Olsen, Thomas Kjer<\/a><\/td>\n<td>DEN<\/td>\n<td>DMU<\/td>\n<td>Husqvarna<\/td>\n<td>0:42.455<\/td>\n<\/tr>\n<tr>\n<td>8<\/td>\n<td>70<\/td>\n<td><a href=\"https:\/\/results.mxgp.com\/resultsrider.aspx?ct=1&amp;e=3307&amp;c=7&amp;r=6518\">Fernandez, Ruben<\/a><\/td>\n<td>ESP<\/td>\n<td>RFME<\/td>\n<td>Kawasaki<\/td>\n<td>0:44.122<\/td>\n<\/tr>\n<tr>\n<td>9<\/td>\n<td>161<\/td>\n<td><a href=\"https:\/\/results.mxgp.com\/resultsrider.aspx?ct=1&amp;e=3307&amp;c=7&amp;r=5029\">\u00d6stlund, Alvin<\/a><\/td>\n<td>SWE<\/td>\n<td>SVEMO<\/td>\n<td>Yamaha<\/td>\n<td>0:46.279<\/td>\n<\/tr>\n<tr>\n<td>10<\/td>\n<td>10<\/td>\n<td><a href=\"https:\/\/results.mxgp.com\/resultsrider.aspx?ct=1&amp;e=3307&amp;c=7&amp;r=4100\">Vlaanderen, Calvin<\/a><\/td>\n<td>RSA<\/td>\n<td>KNMV<\/td>\n<td>Honda<\/td>\n<td>0:47.834<\/td>\n<\/tr>\n<tr>\n<td>11<\/td>\n<td>46<\/td>\n<td><a href=\"https:\/\/results.mxgp.com\/resultsrider.aspx?ct=1&amp;e=3307&amp;c=7&amp;r=4165\">Pootjes, Davy<\/a><\/td>\n<td>NED<\/td>\n<td>KNMV<\/td>\n<td>KTM<\/td>\n<td>0:49.862<\/td>\n<\/tr>\n<tr>\n<td>12<\/td>\n<td>1<\/td>\n<td><a href=\"https:\/\/results.mxgp.com\/resultsrider.aspx?ct=1&amp;e=3307&amp;c=7&amp;r=4206\">Jonass, Pauls<\/a><\/td>\n<td>LAT<\/td>\n<td>LAMSF<\/td>\n<td>KTM<\/td>\n<td>0:56.365<\/td>\n<\/tr>\n<tr>\n<td>13<\/td>\n<td>101<\/td>\n<td><a href=\"https:\/\/results.mxgp.com\/resultsrider.aspx?ct=1&amp;e=3307&amp;c=7&amp;r=6004\">Pichon, Zachary<\/a><\/td>\n<td>FRA<\/td>\n<td>FFM<\/td>\n<td>KTM<\/td>\n<td>0:59.824<\/td>\n<\/tr>\n<tr>\n<td>14<\/td>\n<td>64<\/td>\n<td><a href=\"https:\/\/results.mxgp.com\/resultsrider.aspx?ct=1&amp;e=3307&amp;c=7&amp;r=5353\">Covington, Thomas<\/a><\/td>\n<td>USA<\/td>\n<td>MUL<\/td>\n<td>Husqvarna<\/td>\n<td>1:00.326<\/td>\n<\/tr>\n<tr>\n<td>15<\/td>\n<td>747<\/td>\n<td><a href=\"https:\/\/results.mxgp.com\/resultsrider.aspx?ct=1&amp;e=3307&amp;c=7&amp;r=3394\">Cervellin, Michele<\/a><\/td>\n<td>ITA<\/td>\n<td>FMI<\/td>\n<td>Honda<\/td>\n<td>1:02.405<\/td>\n<\/tr>\n<tr>\n<td>16<\/td>\n<td>95<\/td>\n<td><a href=\"https:\/\/results.mxgp.com\/resultsrider.aspx?ct=1&amp;e=3307&amp;c=7&amp;r=5023\">Furlotti, Simone<\/a><\/td>\n<td>ITA<\/td>\n<td>FMI<\/td>\n<td>Yamaha<\/td>\n<td>1:03.772<\/td>\n<\/tr>\n<tr>\n<td>17<\/td>\n<td>321<\/td>\n<td><a href=\"https:\/\/results.mxgp.com\/resultsrider.aspx?ct=1&amp;e=3307&amp;c=7&amp;r=3288\">Bernardini, Samuele<\/a><\/td>\n<td>ITA<\/td>\n<td>FMI<\/td>\n<td>TM<\/td>\n<td>1:04.027<\/td>\n<\/tr>\n<tr>\n<td>18<\/td>\n<td>44<\/td>\n<td><a href=\"https:\/\/results.mxgp.com\/resultsrider.aspx?ct=1&amp;e=3307&amp;c=7&amp;r=5435\">Lesiardo, Morgan<\/a><\/td>\n<td>ITA<\/td>\n<td>FMI<\/td>\n<td>KTM<\/td>\n<td>1:05.446<\/td>\n<\/tr>\n<tr>\n<td>19<\/td>\n<td>56<\/td>\n<td><a href=\"https:\/\/results.mxgp.com\/resultsrider.aspx?ct=1&amp;e=3307&amp;c=7&amp;r=6969\">Weltin, Marshal<\/a><\/td>\n<td>USA<\/td>\n<td>AMA<\/td>\n<td>Honda<\/td>\n<td>1:06.376<\/td>\n<\/tr>\n<tr>\n<td>20<\/td>\n<td>118<\/td>\n<td><a href=\"https:\/\/results.mxgp.com\/resultsrider.aspx?ct=1&amp;e=3307&amp;c=7&amp;r=5026\">Rubini, Stephen<\/a><\/td>\n<td>FRA<\/td>\n<td>FFM<\/td>\n<td>KTM<\/td>\n<td>1:10.625<\/td>\n<\/tr>\n<tr>\n<td>21<\/td>\n<td>14<\/td>\n<td><a href=\"https:\/\/results.mxgp.com\/resultsrider.aspx?ct=1&amp;e=3307&amp;c=7&amp;r=6793\">Beaton, Jed<\/a><\/td>\n<td>AUS<\/td>\n<td>MA<\/td>\n<td>Kawasaki<\/td>\n<td>1:11.950<\/td>\n<\/tr>\n<tr>\n<td>22<\/td>\n<td>66<\/td>\n<td><a href=\"https:\/\/results.mxgp.com\/resultsrider.aspx?ct=1&amp;e=3307&amp;c=7&amp;r=4433\">Larranaga Olano, Iker<\/a><\/td>\n<td>ESP<\/td>\n<td>RFME<\/td>\n<td>Husqvarna<\/td>\n<td>1:14.889<\/td>\n<\/tr>\n<tr>\n<td>23<\/td>\n<td>102<\/td>\n<td><a href=\"https:\/\/results.mxgp.com\/resultsrider.aspx?ct=1&amp;e=3307&amp;c=7&amp;r=4177\">Sikyna, Richard<\/a><\/td>\n<td>SVK<\/td>\n<td>SMF<\/td>\n<td>KTM<\/td>\n<td>1:19.324<\/td>\n<\/tr>\n<tr>\n<td>24<\/td>\n<td>226<\/td>\n<td><a href=\"https:\/\/results.mxgp.com\/resultsrider.aspx?ct=1&amp;e=3307&amp;c=7&amp;r=6475\">Koch, Tom<\/a><\/td>\n<td>GER<\/td>\n<td>DMSB<\/td>\n<td>KTM<\/td>\n<td>1:20.233<\/td>\n<\/tr>\n<tr>\n<td>25<\/td>\n<td>75<\/td>\n<td><a href=\"https:\/\/results.mxgp.com\/resultsrider.aspx?ct=1&amp;e=3307&amp;c=7&amp;r=5352\">Roosiorg, Hardi<\/a><\/td>\n<td>EST<\/td>\n<td>EMF<\/td>\n<td>KTM<\/td>\n<td>1:21.099<\/td>\n<\/tr>\n<tr>\n<td>26<\/td>\n<td>783<\/td>\n<td><a href=\"https:\/\/results.mxgp.com\/resultsrider.aspx?ct=1&amp;e=3307&amp;c=7&amp;r=5351\">Toriani, Enzo<\/a><\/td>\n<td>FRA<\/td>\n<td>FFM<\/td>\n<td>Husqvarna<\/td>\n<td>1:37.527<\/td>\n<\/tr>\n<tr>\n<td>27<\/td>\n<td>338<\/td>\n<td><a href=\"https:\/\/results.mxgp.com\/resultsrider.aspx?ct=1&amp;e=3307&amp;c=7&amp;r=4191\">Herbreteau, David<\/a><\/td>\n<td>FRA<\/td>\n<td>FFM<\/td>\n<td>KTM<\/td>\n<td>1:53.307<\/td>\n<\/tr>\n<tr>\n<td>28<\/td>\n<td>129<\/td>\n<td><a href=\"https:\/\/results.mxgp.com\/resultsrider.aspx?ct=1&amp;e=3307&amp;c=7&amp;r=5295\">Agard-Michelsen, Sander<\/a><\/td>\n<td>NOR<\/td>\n<td>NMF<\/td>\n<td>Yamaha<\/td>\n<td>2:05.234<\/td>\n<\/tr>\n<tr>\n<td>29<\/td>\n<td>26<\/td>\n<td><a href=\"https:\/\/results.mxgp.com\/resultsrider.aspx?ct=1&amp;e=3307&amp;c=7&amp;r=5048\">Bertuzzi, Nicola<\/a><\/td>\n<td>ITA<\/td>\n<td>FMI<\/td>\n<td>KTM<\/td>\n<td>1 lap<\/td>\n<\/tr>\n<tr>\n<td>30<\/td>\n<td>34<\/td>\n<td><a href=\"https:\/\/results.mxgp.com\/resultsrider.aspx?ct=1&amp;e=3307&amp;c=7&amp;r=3834\">De Waal, Micha-Boy<\/a><\/td>\n<td>NED<\/td>\n<td>KNMV<\/td>\n<td>Honda<\/td>\n<td>3 laps<\/td>\n<\/tr>\n<tr>\n<td>31<\/td>\n<td>172<\/td>\n<td><a href=\"https:\/\/results.mxgp.com\/resultsrider.aspx?ct=1&amp;e=3307&amp;c=7&amp;r=3701\">Van doninck, Brent<\/a><\/td>\n<td>BEL<\/td>\n<td>FMB<\/td>\n<td>Husqvarna<\/td>\n<td>10 laps<\/td>\n<\/tr>\n<\/tbody>\n<\/table>\n","protected":false},"excerpt":{"rendered":"<p>PRADO ES HOY, EL HOMBRE A BATIR. Una carrera impresionante de Jorge Prado Garc\u00eda sobre&#8230;<\/p>\n","protected":false},"author":2,"featured_media":36081,"comment_status":"open","ping_status":"open","sticky":false,"template":"","format":"standard","meta":{"om_disable_all_campaigns":false,"_monsterinsights_skip_tracking":false,"_monsterinsights_sitenote_active":false,"_monsterinsights_sitenote_note":"","_monsterinsights_sitenote_category":0,"_uf_show_specific_survey":0,"_uf_disable_surveys":false,"footnotes":""},"categories":[38,24],"tags":[],"class_list":["post-36080","post","type-post","status-publish","format-standard","has-post-thumbnail","hentry","category-hot-news","category-mxgp"],"aioseo_notices":[],"_links":{"self":[{"href":"https:\/\/www.crossprensa.com.ar\/news\/wp-json\/wp\/v2\/posts\/36080","targetHints":{"allow":["GET"]}}],"collection":[{"href":"https:\/\/www.crossprensa.com.ar\/news\/wp-json\/wp\/v2\/posts"}],"about":[{"href":"https:\/\/www.crossprensa.com.ar\/news\/wp-json\/wp\/v2\/types\/post"}],"author":[{"embeddable":true,"href":"https:\/\/www.crossprensa.com.ar\/news\/wp-json\/wp\/v2\/users\/2"}],"replies":[{"embeddable":true,"href":"https:\/\/www.crossprensa.com.ar\/news\/wp-json\/wp\/v2\/comments?post=36080"}],"version-history":[{"count":1,"href":"https:\/\/www.crossprensa.com.ar\/news\/wp-json\/wp\/v2\/posts\/36080\/revisions"}],"predecessor-version":[{"id":36082,"href":"https:\/\/www.crossprensa.com.ar\/news\/wp-json\/wp\/v2\/posts\/36080\/revisions\/36082"}],"wp:featuredmedia":[{"embeddable":true,"href":"https:\/\/www.crossprensa.com.ar\/news\/wp-json\/wp\/v2\/media\/36081"}],"wp:attachment":[{"href":"https:\/\/www.crossprensa.com.ar\/news\/wp-json\/wp\/v2\/media?parent=36080"}],"wp:term":[{"taxonomy":"category","embeddable":true,"href":"https:\/\/www.crossprensa.com.ar\/news\/wp-json\/wp\/v2\/categories?post=36080"},{"taxonomy":"post_tag","embeddable":true,"href":"https:\/\/www.crossprensa.com.ar\/news\/wp-json\/wp\/v2\/tags?post=36080"}],"curies":[{"name":"wp","href":"https:\/\/api.w.org\/{rel}","templated":true}]}}