{"id":36038,"date":"2018-05-09T18:53:39","date_gmt":"2018-05-09T21:53:39","guid":{"rendered":"http:\/\/www.crossprensa.com.ar\/news\/?p=36038"},"modified":"2018-05-10T06:53:41","modified_gmt":"2018-05-10T09:53:41","slug":"el-accidente-medinahegoburu-en-san-luis","status":"publish","type":"post","link":"https:\/\/www.crossprensa.com.ar\/news\/el-accidente-medinahegoburu-en-san-luis\/mx-argentino\/","title":{"rendered":"EL ACCIDENTE MEDINA\/HEGOBURU EN SAN LUIS"},"content":{"rendered":"<p>Otro golpe que preocup\u00f3 mucho es en la numerosa y espectacular categor\u00eda MX2 B, entre Tom\u00e1s Hegobur\u00fa que no sufri\u00f3 lesiones graves, pero si Lautaro Medina que sufri\u00f3 la fractura de ambos f\u00e9mures, a la misma altura. Por lo que nosotros vimos, las piernas hicieron palanca con el manubrio, pero seg\u00fan el piloto suponen que fueron las rodilleras con musleras altas. Aqu\u00ed lo que nos cont\u00f3n Lautaro Medina.<\/p>\n<p><!--more--><\/p>\n<p><img fetchpriority=\"high\" decoding=\"async\" class=\"aligncenter size-large wp-image-36043\" src=\"http:\/\/www.crossprensa.com.ar\/news\/wp-content\/uploads\/2018\/05\/DSC0208-1600x1200-600x400.jpg\" alt=\"\" width=\"600\" height=\"400\" \/><\/p>\n<p>FOTOS DE <a href=\"https:\/\/www.facebook.com\/FFG58\/\">FERM\u00cdN GUTI\u00c9RREZ.<\/a><\/p>\n<p>Lautaro, contame como fue el golpe:<\/p>\n<ul>\n<li>Hola Pampero, yo ven\u00eda peleando la d\u00e9cima posici\u00f3n con otros dos pilotos, e \u00edbamos por la zona de las olas juntos, despu\u00e9s de eso viene un doble. En ese salto, el que ven\u00eda a mi izquierda, se le mueve la moto y me toca en el aire, y yo toco al que ven\u00eda a mi derecha. Nos ca\u00edmos los tres&#8230;<\/li>\n<\/ul>\n<p><img decoding=\"async\" class=\"aligncenter size-large wp-image-36040\" src=\"http:\/\/www.crossprensa.com.ar\/news\/wp-content\/uploads\/2018\/05\/DSC0206-1600x1200-600x400.jpg\" alt=\"\" width=\"600\" height=\"400\" srcset=\"https:\/\/www.crossprensa.com.ar\/news\/wp-content\/uploads\/2018\/05\/DSC0206-1600x1200-600x400.jpg 600w, https:\/\/www.crossprensa.com.ar\/news\/wp-content\/uploads\/2018\/05\/DSC0206-1600x1200-300x200.jpg 300w, https:\/\/www.crossprensa.com.ar\/news\/wp-content\/uploads\/2018\/05\/DSC0206-1600x1200-768x512.jpg 768w, https:\/\/www.crossprensa.com.ar\/news\/wp-content\/uploads\/2018\/05\/DSC0206-1600x1200-120x80.jpg 120w, https:\/\/www.crossprensa.com.ar\/news\/wp-content\/uploads\/2018\/05\/DSC0206-1600x1200.jpg 1239w\" sizes=\"(max-width: 600px) 100vw, 600px\" \/><\/p>\n<p>Cuales fueron tus lesiones?<\/p>\n<ul>\n<li>Tengo las dos piernas quebradas en el f\u00e9mur, ambas a la misma altura y nosotros creemos que fue por las rodilleras y la altura en que estaban los protectores de los muslos. No me acuerdo de nada porque con el golpe qued\u00e9 inconsciente. la lesi\u00f3n tambi\u00e9n quiz\u00e1s pueda haber sido por el manubrio.<\/li>\n<\/ul>\n<p><img decoding=\"async\" class=\"aligncenter size-large wp-image-36044\" src=\"http:\/\/www.crossprensa.com.ar\/news\/wp-content\/uploads\/2018\/05\/DSC0209-1600x1200-600x400.jpg\" alt=\"\" width=\"600\" height=\"400\" srcset=\"https:\/\/www.crossprensa.com.ar\/news\/wp-content\/uploads\/2018\/05\/DSC0209-1600x1200-600x400.jpg 600w, https:\/\/www.crossprensa.com.ar\/news\/wp-content\/uploads\/2018\/05\/DSC0209-1600x1200-300x200.jpg 300w, https:\/\/www.crossprensa.com.ar\/news\/wp-content\/uploads\/2018\/05\/DSC0209-1600x1200-768x512.jpg 768w, https:\/\/www.crossprensa.com.ar\/news\/wp-content\/uploads\/2018\/05\/DSC0209-1600x1200-120x80.jpg 120w, https:\/\/www.crossprensa.com.ar\/news\/wp-content\/uploads\/2018\/05\/DSC0209-1600x1200.jpg 1239w\" sizes=\"(max-width: 600px) 100vw, 600px\" \/><\/p>\n<p><img loading=\"lazy\" decoding=\"async\" class=\"aligncenter size-large wp-image-36041\" src=\"http:\/\/www.crossprensa.com.ar\/news\/wp-content\/uploads\/2018\/05\/DSC0210-1600x1200-600x400.jpg\" alt=\"\" width=\"600\" height=\"400\" srcset=\"https:\/\/www.crossprensa.com.ar\/news\/wp-content\/uploads\/2018\/05\/DSC0210-1600x1200-600x400.jpg 600w, https:\/\/www.crossprensa.com.ar\/news\/wp-content\/uploads\/2018\/05\/DSC0210-1600x1200-300x200.jpg 300w, https:\/\/www.crossprensa.com.ar\/news\/wp-content\/uploads\/2018\/05\/DSC0210-1600x1200-768x512.jpg 768w, https:\/\/www.crossprensa.com.ar\/news\/wp-content\/uploads\/2018\/05\/DSC0210-1600x1200-120x80.jpg 120w, https:\/\/www.crossprensa.com.ar\/news\/wp-content\/uploads\/2018\/05\/DSC0210-1600x1200.jpg 1239w\" sizes=\"(max-width: 600px) 100vw, 600px\" \/><\/p>\n<p>Te van a operar?<\/p>\n<ul>\n<li>Me operan las dos piernas, ahora me est\u00e1n haciendo transfusiones porque hay mucha p\u00e9rdida en la operaci\u00f3n. Me operan en el Sanatorio Rivadavia de San Luis, donde me est\u00e1n atendiendo de manera excelente.<\/li>\n<\/ul>\n<p>&nbsp;<\/p>\n<p>Lauti gracias por atendernos, y desde Crossprensa te deseamos lo mejor!<\/p>\n<p>Vamos a seguir la evoluci\u00f3n del piloto como siempre, y la operaci\u00f3n que estaba prevista para este Mi\u00e9rcoles por la tarde fue postergada hasta tanto estabilicen el conteo de gl\u00f3bulos rojos del piloto de Presidencia Roque Saenz Pe\u00f1a, Chaco.<\/p>\n<p>&nbsp;<\/p>\n","protected":false},"excerpt":{"rendered":"<p>Otro golpe que preocup\u00f3 mucho es en la numerosa y espectacular categor\u00eda MX2 B, entre&#8230;<\/p>\n","protected":false},"author":2,"featured_media":36039,"comment_status":"open","ping_status":"open","sticky":false,"template":"","format":"standard","meta":{"om_disable_all_campaigns":false,"_monsterinsights_skip_tracking":false,"_monsterinsights_sitenote_active":false,"_monsterinsights_sitenote_note":"","_monsterinsights_sitenote_category":0,"_uf_show_specific_survey":0,"_uf_disable_surveys":false,"footnotes":""},"categories":[38,27],"tags":[],"class_list":["post-36038","post","type-post","status-publish","format-standard","has-post-thumbnail","hentry","category-hot-news","category-mx-argentino"],"aioseo_notices":[],"_links":{"self":[{"href":"https:\/\/www.crossprensa.com.ar\/news\/wp-json\/wp\/v2\/posts\/36038","targetHints":{"allow":["GET"]}}],"collection":[{"href":"https:\/\/www.crossprensa.com.ar\/news\/wp-json\/wp\/v2\/posts"}],"about":[{"href":"https:\/\/www.crossprensa.com.ar\/news\/wp-json\/wp\/v2\/types\/post"}],"author":[{"embeddable":true,"href":"https:\/\/www.crossprensa.com.ar\/news\/wp-json\/wp\/v2\/users\/2"}],"replies":[{"embeddable":true,"href":"https:\/\/www.crossprensa.com.ar\/news\/wp-json\/wp\/v2\/comments?post=36038"}],"version-history":[{"count":5,"href":"https:\/\/www.crossprensa.com.ar\/news\/wp-json\/wp\/v2\/posts\/36038\/revisions"}],"predecessor-version":[{"id":36053,"href":"https:\/\/www.crossprensa.com.ar\/news\/wp-json\/wp\/v2\/posts\/36038\/revisions\/36053"}],"wp:featuredmedia":[{"embeddable":true,"href":"https:\/\/www.crossprensa.com.ar\/news\/wp-json\/wp\/v2\/media\/36039"}],"wp:attachment":[{"href":"https:\/\/www.crossprensa.com.ar\/news\/wp-json\/wp\/v2\/media?parent=36038"}],"wp:term":[{"taxonomy":"category","embeddable":true,"href":"https:\/\/www.crossprensa.com.ar\/news\/wp-json\/wp\/v2\/categories?post=36038"},{"taxonomy":"post_tag","embeddable":true,"href":"https:\/\/www.crossprensa.com.ar\/news\/wp-json\/wp\/v2\/tags?post=36038"}],"curies":[{"name":"wp","href":"https:\/\/api.w.org\/{rel}","templated":true}]}}