{"id":35217,"date":"2018-04-04T16:47:39","date_gmt":"2018-04-04T19:47:39","guid":{"rendered":"http:\/\/www.crossprensa.com.ar\/news\/?p=35217"},"modified":"2018-04-04T16:47:39","modified_gmt":"2018-04-04T19:47:39","slug":"ama-sx-hill-reemplaza-a-barcia","status":"publish","type":"post","link":"https:\/\/www.crossprensa.com.ar\/news\/ama-sx-hill-reemplaza-a-barcia\/ama-supercross\/","title":{"rendered":"AMA SX: HILL REEMPLAZA A BARCIA"},"content":{"rendered":"<p style=\"background: white; margin: 0cm 0cm 11.25pt 0cm;\"><span style=\"font-family: 'Helvetica','sans-serif'; color: #333333;\">Josh Hill regresar\u00e1 a Ama Supercross.\u00a0El ex piloto de Yamaha oficial reemplazar\u00e1 al lesionado Justin Barcia este fin de semana en Seattle, anunci\u00f3 Yamaha en las redes sociales.<\/span><!--more--><\/p>\n<p style=\"background: white; margin: 0cm 0cm 11.25pt 0cm;\"><span style=\"font-family: 'Helvetica','sans-serif'; color: #333333;\">Desde que se retir\u00f3 del Ama supercross y el motocross en 2015, el ganador del Minneapolis 450SX 2008 se ha involucrado en varios proyectos, incluida la moto el\u00e9ctrica Alta en Red Bull Straight Rhythm y recientemente compiti\u00f3 en Snow MotoCross en 2018 X Games Aspen.<\/span><\/p>\n<p style=\"background: white; max-width: 620px; font-variant-ligatures: normal; font-variant-caps: normal; orphans: 2; text-align: start; widows: 2; -webkit-text-stroke-width: 0px; text-decoration-style: initial; text-decoration-color: initial; word-spacing: 0px; margin: 0cm 0cm 11.25pt 0cm;\"><span style=\"font-family: 'Helvetica','sans-serif'; color: #333333;\">Josh Hill recientemente\u00a0Firmar un acuerdo con Cycle North, un concesionario con sede en Prince George, Columbia Brit\u00e1nica, para competir en arenacross del nuevo Campeonato Triple Corona Rockstar Energy en Canad\u00e1.\u00a0<\/span><\/p>\n<p style=\"background: white; margin: 0cm 0cm 11.25pt 0cm;\"><span style=\"font-family: 'Helvetica','sans-serif'; color: #333333;\">&#8220;Recibir una llamada de Factory Yamaha para la carrera de Seattle fue una sorpresa total para m\u00ed&#8221;, dijo Josh en un comunicado.\u00a0&#8220;Estaba de camino a casa despu\u00e9s de ganar el Campeonato Nacional de Snowbikes AMA y estaba planeando correr en Seattle en mi propia moto con mi propio equipo.\u00a0Recib\u00ed una llamada de Keith Mccarty, pregunt\u00e1ndome si quer\u00eda reemplazar a Justin Barcia y, por supuesto, me sent\u00ed honrado y conmocionado de que pensaran en m\u00ed.\u00a0Es bastante surrealista salir de la jubilaci\u00f3n y recibir una llamada de Factory Yamaha para competir.\u00a0Es incluso m\u00e1s genial que Factory Yamaha es donde comenc\u00e9 mi carrera en 2006 cuando ten\u00eda 16 a\u00f1os y hacerlo ahora, 12 a\u00f1os despu\u00e9s, regresar a mi carrera en casa en Seattle, es muy emocionante\u201d.<\/span><\/p>\n","protected":false},"excerpt":{"rendered":"<p>Josh Hill regresar\u00e1 a Ama Supercross.\u00a0El ex piloto de Yamaha oficial reemplazar\u00e1 al lesionado Justin&#8230;<\/p>\n","protected":false},"author":2,"featured_media":0,"comment_status":"open","ping_status":"open","sticky":false,"template":"","format":"standard","meta":{"om_disable_all_campaigns":false,"_monsterinsights_skip_tracking":false,"_monsterinsights_sitenote_active":false,"_monsterinsights_sitenote_note":"","_monsterinsights_sitenote_category":0,"_uf_show_specific_survey":0,"_uf_disable_surveys":false,"footnotes":""},"categories":[30,38],"tags":[],"class_list":["post-35217","post","type-post","status-publish","format-standard","hentry","category-ama-supercross","category-hot-news"],"aioseo_notices":[],"_links":{"self":[{"href":"https:\/\/www.crossprensa.com.ar\/news\/wp-json\/wp\/v2\/posts\/35217","targetHints":{"allow":["GET"]}}],"collection":[{"href":"https:\/\/www.crossprensa.com.ar\/news\/wp-json\/wp\/v2\/posts"}],"about":[{"href":"https:\/\/www.crossprensa.com.ar\/news\/wp-json\/wp\/v2\/types\/post"}],"author":[{"embeddable":true,"href":"https:\/\/www.crossprensa.com.ar\/news\/wp-json\/wp\/v2\/users\/2"}],"replies":[{"embeddable":true,"href":"https:\/\/www.crossprensa.com.ar\/news\/wp-json\/wp\/v2\/comments?post=35217"}],"version-history":[{"count":1,"href":"https:\/\/www.crossprensa.com.ar\/news\/wp-json\/wp\/v2\/posts\/35217\/revisions"}],"predecessor-version":[{"id":35219,"href":"https:\/\/www.crossprensa.com.ar\/news\/wp-json\/wp\/v2\/posts\/35217\/revisions\/35219"}],"wp:attachment":[{"href":"https:\/\/www.crossprensa.com.ar\/news\/wp-json\/wp\/v2\/media?parent=35217"}],"wp:term":[{"taxonomy":"category","embeddable":true,"href":"https:\/\/www.crossprensa.com.ar\/news\/wp-json\/wp\/v2\/categories?post=35217"},{"taxonomy":"post_tag","embeddable":true,"href":"https:\/\/www.crossprensa.com.ar\/news\/wp-json\/wp\/v2\/tags?post=35217"}],"curies":[{"name":"wp","href":"https:\/\/api.w.org\/{rel}","templated":true}]}}