{"id":35169,"date":"2018-04-01T18:22:28","date_gmt":"2018-04-01T21:22:28","guid":{"rendered":"http:\/\/www.crossprensa.com.ar\/news\/?p=35169"},"modified":"2018-04-01T18:22:28","modified_gmt":"2018-04-01T21:22:28","slug":"mx-argentino-en-rada-tilly-finales","status":"publish","type":"post","link":"https:\/\/www.crossprensa.com.ar\/news\/mx-argentino-en-rada-tilly-finales\/sin-categoria\/","title":{"rendered":"MX ARGENTINO EN RADA TILLY, FINALES."},"content":{"rendered":"<p>Se vivieron carreras intensas y muy apasionantes en varias categor\u00edas pero sin lugar al dudas que la segunda manga de la categor\u00eda MX2 con la brutal pelea deportiva entre Marcos Antezana, al final ganador de la competencia y Marcos Trossero volviendo a mostrar que todav\u00eda tiene mucho para dar, se rob\u00f3 todos los aplausos! Aqu\u00ed los resultados generales y en breve fotos, comentarios y videos.<\/p>\n<p><!--more--><\/p>\n<h3>WMX<\/h3>\n<p>A<\/p>\n<p>1- Jazm\u00edn RUTHERFORD<\/p>\n<p>2- Angela FEOLA<\/p>\n<p>3- Dalila HIDALGO<\/p>\n<p>B<\/p>\n<p>1- Melanie HELLMAN<\/p>\n<p>2- Sol MONDINO<\/p>\n<p>3- Carla SCAGLIONE<\/p>\n<p>4- Melanie CABRERA<\/p>\n<p>5- Natalia SCAGLIONE<\/p>\n<h3>85CC.<\/h3>\n<p>A:<\/p>\n<p>1- Alfonso BRATSCHI<\/p>\n<p>2- Jerem\u00edas PASCUAL<\/p>\n<p>3- Marcos BISOLE<\/p>\n<p>4- Zacar\u00edas CONRERO<\/p>\n<p>5- Tom\u00e1s BRAZAO<\/p>\n<p>B:<\/p>\n<p>1- Felipe CONRERO<\/p>\n<p>2- Benjam\u00edn PASCUAL<\/p>\n<p>3- Adolfo SCAGLIONE<\/p>\n<p>4- Domingo HUERTA<\/p>\n<p>5- Francisco TESEIRA<\/p>\n<h3>MX3<\/h3>\n<p>A:<\/p>\n<p>1- Ariel BONOMO<\/p>\n<p>2- David SONA<\/p>\n<p>3- Mariano CADENAS<\/p>\n<p>4- Gabriel FERNANDEZ<\/p>\n<p>5- Juan M. MATKOVICH<\/p>\n<p>B:<\/p>\n<p>1- Estanislao SALANUEVA<\/p>\n<p>2- Javier FOLLONIER<\/p>\n<p>3- Mauricio GOMEZ<\/p>\n<p>4- Leandro WHOLMOUTH<\/p>\n<p>5- Favio DOBAL<\/p>\n<h3>MX2<\/h3>\n<p>1- Marco ANTEZANA<\/p>\n<p>2- Marcos TROSSERO<\/p>\n<p>3- Bernardo BLANCO<\/p>\n<p>4- Germ\u00e1n BRATSCHI<\/p>\n<p>5- Franco APPO<\/p>\n<p>MX2 B<\/p>\n<p>1- Lorenzo GHIONE<\/p>\n<p>2- Tom\u00e1s MOYANO<\/p>\n<p>3- Gino GIORDANO<\/p>\n<p>4- Est\u00e9ban PRESSER<\/p>\n<p>5- M\u00e1ximo CACERES<\/p>\n<h3>MX3 PRO<\/h3>\n<p>1- Demi\u00e1n VILLAR<\/p>\n<p>2- Norberto DEBERNARDI<\/p>\n<p>3- Pablo FRIGERIO<\/p>\n<p>4- Juan M. COSTA<\/p>\n<p>5- Alejo PIRES<\/p>\n<h3>MX1<\/h3>\n<p>1- Joaqu\u00edn POLI<\/p>\n<p>2- Juan P. LUZZARDI<\/p>\n<p>4- Jos\u00e9 L. GIRALDO<\/p>\n<p>5- Dario ARCO<\/p>\n<p>Pr\u00f3xima fecha: SAN LUIS, 5 y 6 de Mayo &#8211; 2da. de Minicross 50 y 65cc.<\/p>\n","protected":false},"excerpt":{"rendered":"<p>Se vivieron carreras intensas y muy apasionantes en varias categor\u00edas pero sin lugar al dudas&#8230;<\/p>\n","protected":false},"author":2,"featured_media":35171,"comment_status":"open","ping_status":"open","sticky":false,"template":"","format":"standard","meta":{"om_disable_all_campaigns":false,"_monsterinsights_skip_tracking":false,"_monsterinsights_sitenote_active":false,"_monsterinsights_sitenote_note":"","_monsterinsights_sitenote_category":0,"_uf_show_specific_survey":0,"_uf_disable_surveys":false,"footnotes":""},"categories":[38,27,1],"tags":[],"class_list":["post-35169","post","type-post","status-publish","format-standard","has-post-thumbnail","hentry","category-hot-news","category-mx-argentino","category-sin-categoria"],"aioseo_notices":[],"_links":{"self":[{"href":"https:\/\/www.crossprensa.com.ar\/news\/wp-json\/wp\/v2\/posts\/35169","targetHints":{"allow":["GET"]}}],"collection":[{"href":"https:\/\/www.crossprensa.com.ar\/news\/wp-json\/wp\/v2\/posts"}],"about":[{"href":"https:\/\/www.crossprensa.com.ar\/news\/wp-json\/wp\/v2\/types\/post"}],"author":[{"embeddable":true,"href":"https:\/\/www.crossprensa.com.ar\/news\/wp-json\/wp\/v2\/users\/2"}],"replies":[{"embeddable":true,"href":"https:\/\/www.crossprensa.com.ar\/news\/wp-json\/wp\/v2\/comments?post=35169"}],"version-history":[{"count":2,"href":"https:\/\/www.crossprensa.com.ar\/news\/wp-json\/wp\/v2\/posts\/35169\/revisions"}],"predecessor-version":[{"id":35172,"href":"https:\/\/www.crossprensa.com.ar\/news\/wp-json\/wp\/v2\/posts\/35169\/revisions\/35172"}],"wp:featuredmedia":[{"embeddable":true,"href":"https:\/\/www.crossprensa.com.ar\/news\/wp-json\/wp\/v2\/media\/35171"}],"wp:attachment":[{"href":"https:\/\/www.crossprensa.com.ar\/news\/wp-json\/wp\/v2\/media?parent=35169"}],"wp:term":[{"taxonomy":"category","embeddable":true,"href":"https:\/\/www.crossprensa.com.ar\/news\/wp-json\/wp\/v2\/categories?post=35169"},{"taxonomy":"post_tag","embeddable":true,"href":"https:\/\/www.crossprensa.com.ar\/news\/wp-json\/wp\/v2\/tags?post=35169"}],"curies":[{"name":"wp","href":"https:\/\/api.w.org\/{rel}","templated":true}]}}