{"id":35117,"date":"2018-03-30T19:54:11","date_gmt":"2018-03-30T22:54:11","guid":{"rendered":"http:\/\/www.crossprensa.com.ar\/news\/?p=35117"},"modified":"2018-03-30T19:54:11","modified_gmt":"2018-03-30T22:54:11","slug":"dungey-no-vuelve","status":"publish","type":"post","link":"https:\/\/www.crossprensa.com.ar\/news\/dungey-no-vuelve\/ama-motocross\/","title":{"rendered":"DUNGEY NO VUELVE"},"content":{"rendered":"<p>Se escucharon rumores en boxes, se dijo en algunos medios de prensa, pero definitivamente Ryan Dungey no vuelve a las carreras en USA ni en ninguna parte.<\/p>\n<p><!--more--><\/p>\n<p>Nos sorprende que incluso estemos haciendo esta publicaci\u00f3n, pero&#8230;\u00a0Un rumor se extendi\u00f3 en boxes, en las carreras de Supercross 2018 que Ryan Dungey est\u00e1 planeando volver a correr, y tan pronto como\u00a0en el Campeonato Lucas Oil Pro de Motocross, y esto obviamente corri\u00f3 como reguero de p\u00f3lvora. Pero teniendo en cuenta las razones de Dungey para alejarse mientras estaba\u00a0en la cima (\u00a0el alto riesgo de lesiones y un posible golpe podr\u00eda perjudicar su futuro entre los m\u00e1s cruciales\u00a0,\u00a0reforzado por fracturas en la v\u00e9rtebra en la parte superior de la espalda en\u00a0un accidente en la carrera MX Thunder Valley 2016\u00a0), sentimos que el rumor ten\u00eda muy poco peso.\u00a0Dungey ha mantenido algunos acuerdos de sponsors mientras estaba retirado, pero el\u00a0El innovador video &#8220;Homegrown&#8221; fue su \u00faltimo proyecto con el gigante de bebidas energ\u00e9ticas que lo auspicia\u00a0y desde entonces no ha sido visto con ninguna marca en sus cascos o gorras.<\/p>\n<p>Pero un corredor que decida volver a correr despu\u00e9s de un corto tiempo no ser\u00eda una sorpresa, ya que Jeremy McGrath hizo lo mismo en 2005 y 2006. Dungey fue visto entrenando\u00a0con el equipo de KTM con algunas pruebas.\u00a0\u00bfEso dio el cr\u00e9dito al rumor?<\/p>\n<p>Mientras supervisaba las sesiones de pr\u00e1ctica de Marvin Musquin y Broc Tickle, en lo que respecta al rumor,\u00a0<strong>DeCoster afirm\u00f3 sin vacilaci\u00f3n que Dungey no estar\u00e1 en la largada para el Campeonato Pro Lucas de Motocross o cualquier otra carrera profesional en el futuro.\u00a0<\/strong>S\u00ed, ha reanudado\u00a0los entrenamientos en ocasiones, pero esto es por diversi\u00f3n y en parte para ayudar al Red Bull KTM en el desarrollo de la\u00a0momto actual antes de su temporada en los Nacionales.\u00a0Tambi\u00e9n dijo que Dungey se encuentra en el per\u00edodo por el que pasar\u00e1n los ex corredores cuando buscan formas de ocupar su nuevo tiempo libre, como participar en las carreras y comentar las transmisiones televisivas de FOX Sports.<\/p>\n","protected":false},"excerpt":{"rendered":"<p>Se escucharon rumores en boxes, se dijo en algunos medios de prensa, pero definitivamente Ryan&#8230;<\/p>\n","protected":false},"author":2,"featured_media":35118,"comment_status":"open","ping_status":"open","sticky":false,"template":"","format":"standard","meta":{"om_disable_all_campaigns":false,"_monsterinsights_skip_tracking":false,"_monsterinsights_sitenote_active":false,"_monsterinsights_sitenote_note":"","_monsterinsights_sitenote_category":0,"_uf_show_specific_survey":0,"_uf_disable_surveys":false,"footnotes":""},"categories":[25,30,38],"tags":[],"class_list":["post-35117","post","type-post","status-publish","format-standard","has-post-thumbnail","hentry","category-ama-motocross","category-ama-supercross","category-hot-news"],"aioseo_notices":[],"_links":{"self":[{"href":"https:\/\/www.crossprensa.com.ar\/news\/wp-json\/wp\/v2\/posts\/35117","targetHints":{"allow":["GET"]}}],"collection":[{"href":"https:\/\/www.crossprensa.com.ar\/news\/wp-json\/wp\/v2\/posts"}],"about":[{"href":"https:\/\/www.crossprensa.com.ar\/news\/wp-json\/wp\/v2\/types\/post"}],"author":[{"embeddable":true,"href":"https:\/\/www.crossprensa.com.ar\/news\/wp-json\/wp\/v2\/users\/2"}],"replies":[{"embeddable":true,"href":"https:\/\/www.crossprensa.com.ar\/news\/wp-json\/wp\/v2\/comments?post=35117"}],"version-history":[{"count":1,"href":"https:\/\/www.crossprensa.com.ar\/news\/wp-json\/wp\/v2\/posts\/35117\/revisions"}],"predecessor-version":[{"id":35119,"href":"https:\/\/www.crossprensa.com.ar\/news\/wp-json\/wp\/v2\/posts\/35117\/revisions\/35119"}],"wp:featuredmedia":[{"embeddable":true,"href":"https:\/\/www.crossprensa.com.ar\/news\/wp-json\/wp\/v2\/media\/35118"}],"wp:attachment":[{"href":"https:\/\/www.crossprensa.com.ar\/news\/wp-json\/wp\/v2\/media?parent=35117"}],"wp:term":[{"taxonomy":"category","embeddable":true,"href":"https:\/\/www.crossprensa.com.ar\/news\/wp-json\/wp\/v2\/categories?post=35117"},{"taxonomy":"post_tag","embeddable":true,"href":"https:\/\/www.crossprensa.com.ar\/news\/wp-json\/wp\/v2\/tags?post=35117"}],"curies":[{"name":"wp","href":"https:\/\/api.w.org\/{rel}","templated":true}]}}