{"id":34438,"date":"2018-03-08T03:23:55","date_gmt":"2018-03-08T06:23:55","guid":{"rendered":"http:\/\/www.crossprensa.com.ar\/news\/?p=34438"},"modified":"2018-05-13T19:04:26","modified_gmt":"2018-05-13T22:04:26","slug":"argentina-sin-dakar","status":"publish","type":"post","link":"https:\/\/www.crossprensa.com.ar\/news\/argentina-sin-dakar\/dakar\/","title":{"rendered":"ARGENTINA SIN DAKAR"},"content":{"rendered":"<p>La noticia no es nueva e incluso antes de que se largara la carrera lo anticipamos de que podr\u00eda pasar. 10 a\u00f1os de Dakar en nuestro pa\u00eds no es poco, incluso para alternar recorridos porque se ha pasado por todos los escenarios imaginables para una carrera de este tipo. Aunque no se dice oficialmente desde el Gobierno la preferencia est\u00e1 apuntada a invertir en traer a la exclusiva y minoritaria F1 y no en el exitoso y popular Dakar. (Y hacemos la referencia en cuanto a la cantidad de p\u00fablico que re\u00fane cada una de ellas, sin minimizar a nadie. No es lo mismo la gente el el camino en cantidades incontables, a 40\/50mil entradas vendidas en un aut\u00f3dromo.)<\/p>\n<p><!--more--><\/p>\n<p>Etienne Lavigne (director de ASO), dijo que \u201cpor cuestiones organizativas el Dakar sudamericano no puede transitar por m\u00e1s de tres pa\u00edses\u2019, y teniendo en cuenta que Chile quiere el Dakar desde hace tres a\u00f1os, por lo que viene haciendo mucha fuerza de gesti\u00f3n, Per\u00fa que dej\u00f3 mas que conformes a los organizadores por sus dunas y paisajes, que Ecuador cerrar\u00eda lo que siempre quiso ASO, que es tener una edici\u00f3n por la costa del Pac\u00edfico, quedan pocas opciones ya que Bolivia tambi\u00e9n se quedar\u00eda fuera a pesar del apoyo institucional y econ\u00f3mico que dio Evo Morales a la carrera. Es un secreto a todas voces que el gobierno nacional quiere la F\u00f3rmula Uno para 2019 por lo que la relaci\u00f3n con nuestro pa\u00eds viene fr\u00eda hace rato&#8230;<\/p>\n<p>Sinceramente OJAL\u00c1 tengamos que retractarnos de lo que decimos ya que varios pilotos de nuestro pa\u00eds que son verdaderos protagonistas de lujo de Dakar, est\u00e1n haciendo lo posible desde su lugar para seguir corriendo en nuestro pa\u00eds pero cuando el 5 de Enero lo publicamos en nuestra desaparecida Fan Page, fuimos criticados primero, luego el concepto fue cambiando y cuando los &#8220;grandes medios&#8221; dieron la versi\u00f3n, se dieron cuenta que era mucho mas real y concreto de lo que pensaban.<\/p>\n<p>Ahora, se dice que no se debe descartar a Argentina hasta \u00faltimo momento, que no se puede dejar de lado al pa\u00eds anfitri\u00f3n desde que la carrera pis\u00f3 sudam\u00e9rica en 2009, y varios otros etc. mas, pero si la decisi\u00f3n firme no parte desde el gobierno donde dijeron que no hay definiciones al respecto todav\u00eda, y desde ASO se filtra la informaci\u00f3n de fuertes rumores respecto del recorrido Chile-Per\u00fa-Ecuador, nos queda esperar pocas semanas hasta que el recorrido se confirme para 2019.<\/p>\n<p>Tal vez, ni Dakar haya en sudam\u00e9rica, y una vez mas, OJALA estemos equivocados.<\/p>\n<p>N\u00e9stor Guti\u00e9rrez<\/p>\n<p>&nbsp;<\/p>\n","protected":false},"excerpt":{"rendered":"<p>La noticia no es nueva e incluso antes de que se largara la carrera lo&#8230;<\/p>\n","protected":false},"author":2,"featured_media":34439,"comment_status":"open","ping_status":"open","sticky":false,"template":"","format":"standard","meta":{"om_disable_all_campaigns":false,"_monsterinsights_skip_tracking":false,"_monsterinsights_sitenote_active":false,"_monsterinsights_sitenote_note":"","_monsterinsights_sitenote_category":0,"_uf_show_specific_survey":0,"_uf_disable_surveys":false,"footnotes":""},"categories":[11,38],"tags":[],"class_list":["post-34438","post","type-post","status-publish","format-standard","has-post-thumbnail","hentry","category-dakar","category-hot-news"],"aioseo_notices":[],"_links":{"self":[{"href":"https:\/\/www.crossprensa.com.ar\/news\/wp-json\/wp\/v2\/posts\/34438","targetHints":{"allow":["GET"]}}],"collection":[{"href":"https:\/\/www.crossprensa.com.ar\/news\/wp-json\/wp\/v2\/posts"}],"about":[{"href":"https:\/\/www.crossprensa.com.ar\/news\/wp-json\/wp\/v2\/types\/post"}],"author":[{"embeddable":true,"href":"https:\/\/www.crossprensa.com.ar\/news\/wp-json\/wp\/v2\/users\/2"}],"replies":[{"embeddable":true,"href":"https:\/\/www.crossprensa.com.ar\/news\/wp-json\/wp\/v2\/comments?post=34438"}],"version-history":[{"count":2,"href":"https:\/\/www.crossprensa.com.ar\/news\/wp-json\/wp\/v2\/posts\/34438\/revisions"}],"predecessor-version":[{"id":36107,"href":"https:\/\/www.crossprensa.com.ar\/news\/wp-json\/wp\/v2\/posts\/34438\/revisions\/36107"}],"wp:featuredmedia":[{"embeddable":true,"href":"https:\/\/www.crossprensa.com.ar\/news\/wp-json\/wp\/v2\/media\/34439"}],"wp:attachment":[{"href":"https:\/\/www.crossprensa.com.ar\/news\/wp-json\/wp\/v2\/media?parent=34438"}],"wp:term":[{"taxonomy":"category","embeddable":true,"href":"https:\/\/www.crossprensa.com.ar\/news\/wp-json\/wp\/v2\/categories?post=34438"},{"taxonomy":"post_tag","embeddable":true,"href":"https:\/\/www.crossprensa.com.ar\/news\/wp-json\/wp\/v2\/tags?post=34438"}],"curies":[{"name":"wp","href":"https:\/\/api.w.org\/{rel}","templated":true}]}}