{"id":34231,"date":"2018-03-03T21:07:32","date_gmt":"2018-03-04T00:07:32","guid":{"rendered":"http:\/\/www.crossprensa.com.ar\/news\/?p=34231"},"modified":"2018-03-03T21:07:32","modified_gmt":"2018-03-04T00:07:32","slug":"golpazo-de-prado","status":"publish","type":"post","link":"https:\/\/www.crossprensa.com.ar\/news\/golpazo-de-prado\/mxgp\/","title":{"rendered":"GOLPAZO DE PRADO"},"content":{"rendered":"<p>El piloto espa\u00f1ol, oficial de KTM en MX2, sufri\u00f3 un muy fuerte golpe en la tarde de este s\u00e1bado durante el transcurso de la carrera clasificatoria, lo que oblig\u00f3 a su abandono a 5 vueltas del final de la carrera.<\/p>\n<p>Aqu\u00ed el video.<\/p>\n<p><!--more--><\/p>\n<p><img fetchpriority=\"high\" decoding=\"async\" class=\"aligncenter wp-image-34032 size-full\" src=\"http:\/\/www.crossprensa.com.ar\/news\/wp-content\/uploads\/2018\/02\/zupercross2018..jpg\" alt=\"\" width=\"2493\" height=\"328\" \/><\/p>\n<p><iframe title=\"Jorge Prado Crash in Patagonia Argentina #motocross\" width=\"640\" height=\"360\" src=\"https:\/\/www.youtube.com\/embed\/ipBC9OdkfhA?feature=oembed\" frameborder=\"0\" allow=\"accelerometer; autoplay; clipboard-write; encrypted-media; gyroscope; picture-in-picture; web-share\" referrerpolicy=\"strict-origin-when-cross-origin\" allowfullscreen><\/iframe><\/p>\n","protected":false},"excerpt":{"rendered":"<p>El piloto espa\u00f1ol, oficial de KTM en MX2, sufri\u00f3 un muy fuerte golpe en la&#8230;<\/p>\n","protected":false},"author":2,"featured_media":34232,"comment_status":"open","ping_status":"open","sticky":false,"template":"","format":"standard","meta":{"om_disable_all_campaigns":false,"_monsterinsights_skip_tracking":false,"_monsterinsights_sitenote_active":false,"_monsterinsights_sitenote_note":"","_monsterinsights_sitenote_category":0,"_uf_show_specific_survey":0,"_uf_disable_surveys":false,"footnotes":""},"categories":[38,24],"tags":[],"class_list":["post-34231","post","type-post","status-publish","format-standard","has-post-thumbnail","hentry","category-hot-news","category-mxgp"],"aioseo_notices":[],"_links":{"self":[{"href":"https:\/\/www.crossprensa.com.ar\/news\/wp-json\/wp\/v2\/posts\/34231","targetHints":{"allow":["GET"]}}],"collection":[{"href":"https:\/\/www.crossprensa.com.ar\/news\/wp-json\/wp\/v2\/posts"}],"about":[{"href":"https:\/\/www.crossprensa.com.ar\/news\/wp-json\/wp\/v2\/types\/post"}],"author":[{"embeddable":true,"href":"https:\/\/www.crossprensa.com.ar\/news\/wp-json\/wp\/v2\/users\/2"}],"replies":[{"embeddable":true,"href":"https:\/\/www.crossprensa.com.ar\/news\/wp-json\/wp\/v2\/comments?post=34231"}],"version-history":[{"count":1,"href":"https:\/\/www.crossprensa.com.ar\/news\/wp-json\/wp\/v2\/posts\/34231\/revisions"}],"predecessor-version":[{"id":34233,"href":"https:\/\/www.crossprensa.com.ar\/news\/wp-json\/wp\/v2\/posts\/34231\/revisions\/34233"}],"wp:featuredmedia":[{"embeddable":true,"href":"https:\/\/www.crossprensa.com.ar\/news\/wp-json\/wp\/v2\/media\/34232"}],"wp:attachment":[{"href":"https:\/\/www.crossprensa.com.ar\/news\/wp-json\/wp\/v2\/media?parent=34231"}],"wp:term":[{"taxonomy":"category","embeddable":true,"href":"https:\/\/www.crossprensa.com.ar\/news\/wp-json\/wp\/v2\/categories?post=34231"},{"taxonomy":"post_tag","embeddable":true,"href":"https:\/\/www.crossprensa.com.ar\/news\/wp-json\/wp\/v2\/tags?post=34231"}],"curies":[{"name":"wp","href":"https:\/\/api.w.org\/{rel}","templated":true}]}}