{"id":34166,"date":"2018-02-26T18:56:56","date_gmt":"2018-02-26T21:56:56","guid":{"rendered":"http:\/\/www.crossprensa.com.ar\/news\/?p=34166"},"modified":"2018-02-26T18:56:56","modified_gmt":"2018-02-26T21:56:56","slug":"roczen-abandona-el-sx","status":"publish","type":"post","link":"https:\/\/www.crossprensa.com.ar\/news\/roczen-abandona-el-sx\/ama-motocross\/","title":{"rendered":"ROCZEN ABANDONA EL SX"},"content":{"rendered":"<p>Luego de la lesi\u00f3n sufrida y por el tiempo que va a llevar la recuperaci\u00f3n de la mano del piloto de Honda, se tom\u00f3 esta decisi\u00f3n para que pueda recuperarse de la mejor forma con vistas al comienzo del campeonato de Motocross en USA.<\/p>\n<p><!--more--><\/p>\n<p>Ken Roczen ha confirmado que no estar\u00e1 en todo el reso del Campeonato de\u00a0Supercross 2018 debido a la lesi\u00f3n que sufri\u00f3 en San Diego, y\u00a0que volver\u00e1 a la acci\u00f3n para el Lucas Oil Pro Motocross Championship 2018.<\/p>\n<p>Durante una\u00a0pelea en pista con Cooper Webb en el Evento Principal 450, el brazo derecho de Roczen fue\u00a0arrastrado entre el basculante y la rueda trasera de la moto\u00a0de Webb de Yamaha Factory Racing, que result\u00f3 en ligamentos rotos, fracturas en el segundo metacarpiano, una fisura en la base del pulgar y otros da\u00f1os.\u00a0La cirug\u00eda en la Cl\u00ednica Steadman en Vail, Colorado, fue necesaria y el pron\u00f3stico inicial para la recuperaci\u00f3n fue de seis a ocho semanas.\u00a0Esa l\u00ednea de tiempo habr\u00eda puesto a Roczen de vuelta en la\u00a0moto en las \u00faltimas carreras de la temporada de Supercross.<\/p>\n<p>El domingo, Roczen comparti\u00f3 una publicaci\u00f3n de Instagram con una leyenda que dec\u00eda: &#8220;Las cosas buenas toman tiempo.\u00a0\u00a1Al outdorrs! (Ndr: En referencia al motocross) &#8220;Roczen es dos veces campe\u00f3n de 450 MX (2014 y 2016) pero debido a lesiones, no ha corrido\u00a0motocross desde 2016.<\/p>\n<p>El Campeonato de 2018 comienza en Hangtown el 19 de mayo.<\/p>\n","protected":false},"excerpt":{"rendered":"<p>Luego de la lesi\u00f3n sufrida y por el tiempo que va a llevar la recuperaci\u00f3n&#8230;<\/p>\n","protected":false},"author":2,"featured_media":0,"comment_status":"open","ping_status":"open","sticky":false,"template":"","format":"standard","meta":{"om_disable_all_campaigns":false,"_monsterinsights_skip_tracking":false,"_monsterinsights_sitenote_active":false,"_monsterinsights_sitenote_note":"","_monsterinsights_sitenote_category":0,"_uf_show_specific_survey":0,"_uf_disable_surveys":false,"footnotes":""},"categories":[25,38],"tags":[],"class_list":["post-34166","post","type-post","status-publish","format-standard","hentry","category-ama-motocross","category-hot-news"],"aioseo_notices":[],"_links":{"self":[{"href":"https:\/\/www.crossprensa.com.ar\/news\/wp-json\/wp\/v2\/posts\/34166","targetHints":{"allow":["GET"]}}],"collection":[{"href":"https:\/\/www.crossprensa.com.ar\/news\/wp-json\/wp\/v2\/posts"}],"about":[{"href":"https:\/\/www.crossprensa.com.ar\/news\/wp-json\/wp\/v2\/types\/post"}],"author":[{"embeddable":true,"href":"https:\/\/www.crossprensa.com.ar\/news\/wp-json\/wp\/v2\/users\/2"}],"replies":[{"embeddable":true,"href":"https:\/\/www.crossprensa.com.ar\/news\/wp-json\/wp\/v2\/comments?post=34166"}],"version-history":[{"count":1,"href":"https:\/\/www.crossprensa.com.ar\/news\/wp-json\/wp\/v2\/posts\/34166\/revisions"}],"predecessor-version":[{"id":34168,"href":"https:\/\/www.crossprensa.com.ar\/news\/wp-json\/wp\/v2\/posts\/34166\/revisions\/34168"}],"wp:attachment":[{"href":"https:\/\/www.crossprensa.com.ar\/news\/wp-json\/wp\/v2\/media?parent=34166"}],"wp:term":[{"taxonomy":"category","embeddable":true,"href":"https:\/\/www.crossprensa.com.ar\/news\/wp-json\/wp\/v2\/categories?post=34166"},{"taxonomy":"post_tag","embeddable":true,"href":"https:\/\/www.crossprensa.com.ar\/news\/wp-json\/wp\/v2\/tags?post=34166"}],"curies":[{"name":"wp","href":"https:\/\/api.w.org\/{rel}","templated":true}]}}