{"id":33639,"date":"2018-01-31T20:38:33","date_gmt":"2018-01-31T23:38:33","guid":{"rendered":"http:\/\/www.crossprensa.com.ar\/news\/?p=33639"},"modified":"2018-01-31T22:15:13","modified_gmt":"2018-02-01T01:15:13","slug":"camille-chapeliere-al-edv","status":"publish","type":"post","link":"https:\/\/www.crossprensa.com.ar\/news\/camille-chapeliere-al-edv\/hot-news\/","title":{"rendered":"CAMILLE CHAPELI\u00c8RE al EDV."},"content":{"rendered":"<p>El piloto franc\u00e9s de KTM, Camille Chapeli\u00e8re que fuera el 3Ro. clasificado en el pasado Enduropale en Francia, estar\u00e1 presente en Villa Gesell de la mano de KTM ARGENTINA, que ante el obligado retiro de Nahuel Kriger para esta carrera, ser\u00e1 el encargado de manejar la moto que prepara Armando Lelli.<\/p>\n<p><!--more--><\/p>\n<p>Nacido en\u00a0 Bayeux dans le Calvados\u00a0un 20 de junio de 1994, este piloto tendr\u00e1 su segunda carrera como piloto oficial de KTM, ya que hasta el a\u00f1o pasado corri\u00f3 para una marca japonesa.\u00a0Ten\u00eda no m\u00e1s de 4 a\u00f1os de edad cuando \u00e9l hizo sus primeras vueltas en moto y diez a\u00f1os m\u00e1s tarde, Camille gan\u00f3 su primer t\u00edtulo de campe\u00f3n de motocross de Francia 85. Como parte de Team Kids Moto Evasi\u00f3n, tambi\u00e9n gan\u00f3 el t\u00edtulo Minivert ese a\u00f1o, gracias a 15 podios, 7 victorias, en una Yamaha YZ85.\u00a0En 2009, se uni\u00f3 al campeonato125 creado por la Federaci\u00f3n Francesa de Motociclismo.<\/p>\n<p>En 2011, Camille\u00a0es piloto del Fuerty Racing O&#8217;Neal Monster Team.\u00a0Termin\u00f3 4 \u00b0 en el Campeonato de Francia Junior de MX despu\u00e9s de perderse parte de la temporada (tres carreras) tras una grave lesi\u00f3n en el hombro que eliminar\u00e1 toda esperanza de t\u00edtulo.<\/p>\n<p>A principios de 2012, el llamado &#8220;CC918&#8221; toma el inicio de Enduropale Jeune.\u00a0Si bien ha vuelto a entrenar durante un mes, abandonando su 125 por un 250 4T, el m\u00faltiple campe\u00f3n de Picardy rueda al frente, en una pista parcialmente congelada debido a las temperaturas polares en la costa.\u00a0Logra\u00a0el 3\u00a0<sup>\u00ba<\/sup>\u00a0podio.\u00a0Al a\u00f1o siguiente, compite con los otros pilotos del Elite France Championship en la clase MX2 y\u00a0termina en los 10s.<\/p>\n<p>Poco a poco, Camille se centrar\u00e1 m\u00e1s intensamente en la\u00a0moto y esta especialidad de motocross que son carreras de arena.\u00a0Ten\u00eda entonces 20 a\u00f1os y corri\u00f3 su primer Enduropale Senior y todo el Campeonato de Francia de carreras de arena en un 450.\u00a0\u00c9l persigue los podios durante esta temporada 2015 y llega con la placa roja de l\u00edder en Le Touquet.\u00a0Durante un largo tiempo en segundo lugar, Camille pierde tiempo de reabastecimiento de combustible, y su moto se niega a arrancar.\u00a0El piloto Picard debe rendirse y\u00a0quedarse con el puesto de Vicecampe\u00f3n de Francia des Sables 2015. Formado por David Hauquier, ganador del Enduro du Touquet en 1997, Camille trabaja duro y comienza la nueva temporada con grandes ambiciones.<\/p>\n<p>Cuarto en Berck, tercero en Loon-Plage, 2do St. Legger-de-Balson, Camille contin\u00faa con dos victorias\u00a0 en Hossegor-Capbreton y luego Grayan et L`\u00a0hospital.\u00a0&#8220;Escuch\u00e9 a la gente a mi alrededor pregunt\u00e1ndose si alg\u00fan d\u00eda iba a ganar una carrera.\u00a0Eso es todo, ya est\u00e1 hecho, no\u00a0me molestar\u00e1n m\u00e1s con eso.\u00a0Recompensa el trabajo de todo mi equipo ganar una carrera &#8220;, coment\u00f3 Camille.<\/p>\n<p>Y todo 2017 mas su trabajo en el Enduropale, ser\u00e1 una nota EN VIVO con el piloto de KTM.<\/p>\n<p>Te lo vas a perder?<\/p>\n<p><img fetchpriority=\"high\" decoding=\"async\" class=\"aligncenter size-large wp-image-33642\" src=\"http:\/\/www.crossprensa.com.ar\/news\/wp-content\/uploads\/2018\/01\/Gr\u00e1fico2-400x400.jpg\" alt=\"\" width=\"400\" height=\"400\" \/><\/p>\n<p><img decoding=\"async\" class=\"aligncenter size-large wp-image-33644\" src=\"http:\/\/www.crossprensa.com.ar\/news\/wp-content\/uploads\/2018\/01\/Gr\u00e1ficoz1382-4-400x400.jpg\" alt=\"\" width=\"400\" height=\"400\" \/><\/p>\n<p><img decoding=\"async\" class=\"aligncenter size-large wp-image-33645\" src=\"http:\/\/www.crossprensa.com.ar\/news\/wp-content\/uploads\/2018\/01\/Gr\u00e1fico3.-400x400.jpg\" alt=\"\" width=\"400\" height=\"400\" \/><\/p>\n<p><img loading=\"lazy\" decoding=\"async\" class=\"aligncenter size-large wp-image-33646\" src=\"http:\/\/www.crossprensa.com.ar\/news\/wp-content\/uploads\/2018\/01\/18450147_466226023720878_1143311117_n-400x400.jpg\" alt=\"\" width=\"400\" height=\"400\" \/><\/p>\n<p>&nbsp;<\/p>\n","protected":false},"excerpt":{"rendered":"<p>El piloto franc\u00e9s de KTM, Camille Chapeli\u00e8re que fuera el 3Ro. clasificado en el pasado&#8230;<\/p>\n","protected":false},"author":2,"featured_media":0,"comment_status":"open","ping_status":"open","sticky":false,"template":"","format":"standard","meta":{"om_disable_all_campaigns":false,"_monsterinsights_skip_tracking":false,"_monsterinsights_sitenote_active":false,"_monsterinsights_sitenote_note":"","_monsterinsights_sitenote_category":0,"_uf_show_specific_survey":0,"_uf_disable_surveys":false,"footnotes":""},"categories":[38],"tags":[],"class_list":["post-33639","post","type-post","status-publish","format-standard","hentry","category-hot-news"],"aioseo_notices":[],"_links":{"self":[{"href":"https:\/\/www.crossprensa.com.ar\/news\/wp-json\/wp\/v2\/posts\/33639","targetHints":{"allow":["GET"]}}],"collection":[{"href":"https:\/\/www.crossprensa.com.ar\/news\/wp-json\/wp\/v2\/posts"}],"about":[{"href":"https:\/\/www.crossprensa.com.ar\/news\/wp-json\/wp\/v2\/types\/post"}],"author":[{"embeddable":true,"href":"https:\/\/www.crossprensa.com.ar\/news\/wp-json\/wp\/v2\/users\/2"}],"replies":[{"embeddable":true,"href":"https:\/\/www.crossprensa.com.ar\/news\/wp-json\/wp\/v2\/comments?post=33639"}],"version-history":[{"count":4,"href":"https:\/\/www.crossprensa.com.ar\/news\/wp-json\/wp\/v2\/posts\/33639\/revisions"}],"predecessor-version":[{"id":33648,"href":"https:\/\/www.crossprensa.com.ar\/news\/wp-json\/wp\/v2\/posts\/33639\/revisions\/33648"}],"wp:attachment":[{"href":"https:\/\/www.crossprensa.com.ar\/news\/wp-json\/wp\/v2\/media?parent=33639"}],"wp:term":[{"taxonomy":"category","embeddable":true,"href":"https:\/\/www.crossprensa.com.ar\/news\/wp-json\/wp\/v2\/categories?post=33639"},{"taxonomy":"post_tag","embeddable":true,"href":"https:\/\/www.crossprensa.com.ar\/news\/wp-json\/wp\/v2\/tags?post=33639"}],"curies":[{"name":"wp","href":"https:\/\/api.w.org\/{rel}","templated":true}]}}