{"id":33636,"date":"2018-01-30T21:33:20","date_gmt":"2018-01-31T00:33:20","guid":{"rendered":"http:\/\/www.crossprensa.com.ar\/news\/?p=33636"},"modified":"2018-01-30T21:33:20","modified_gmt":"2018-01-31T00:33:20","slug":"nahuel-kriger-habla-de-su-lesion","status":"publish","type":"post","link":"https:\/\/www.crossprensa.com.ar\/news\/nahuel-kriger-habla-de-su-lesion\/mx-argentino\/","title":{"rendered":"Nahuel Kriger habla de su lesi\u00f3n."},"content":{"rendered":"<p>Luego de la nota que public\u00e1ramos en el d\u00eda de ayer en exclusiva sobre <a href=\"http:\/\/www.crossprensa.com.ar\/news\/?p=33610\">el accidente de Nahuel Kriger<\/a>, el piloto neuquino habl\u00f3 con nosotros y nos cont\u00f3 lo que hab\u00eda sucedido, de su recuperaci\u00f3n, el tiempo que le llevar\u00e1 y sus ganas de volver a subirse a la moto.<\/p>\n<p><!--more--><\/p>\n<p><iframe src=\"https:\/\/w.soundcloud.com\/player\/?url=https%3A\/\/api.soundcloud.com\/tracks\/392149887&amp;color=%230c14e8&amp;auto_play=true&amp;hide_related=false&amp;show_comments=true&amp;show_user=true&amp;show_reposts=false&amp;show_teaser=true&amp;visual=true\" width=\"100%\" height=\"300\" frameborder=\"no\" scrolling=\"no\"><\/iframe><\/p>\n","protected":false},"excerpt":{"rendered":"<p>Luego de la nota que public\u00e1ramos en el d\u00eda de ayer en exclusiva sobre el&#8230;<\/p>\n","protected":false},"author":2,"featured_media":33637,"comment_status":"open","ping_status":"open","sticky":false,"template":"","format":"standard","meta":{"om_disable_all_campaigns":false,"_monsterinsights_skip_tracking":false,"_monsterinsights_sitenote_active":false,"_monsterinsights_sitenote_note":"","_monsterinsights_sitenote_category":0,"_uf_show_specific_survey":0,"_uf_disable_surveys":false,"footnotes":""},"categories":[38,27],"tags":[],"class_list":["post-33636","post","type-post","status-publish","format-standard","has-post-thumbnail","hentry","category-hot-news","category-mx-argentino"],"aioseo_notices":[],"_links":{"self":[{"href":"https:\/\/www.crossprensa.com.ar\/news\/wp-json\/wp\/v2\/posts\/33636","targetHints":{"allow":["GET"]}}],"collection":[{"href":"https:\/\/www.crossprensa.com.ar\/news\/wp-json\/wp\/v2\/posts"}],"about":[{"href":"https:\/\/www.crossprensa.com.ar\/news\/wp-json\/wp\/v2\/types\/post"}],"author":[{"embeddable":true,"href":"https:\/\/www.crossprensa.com.ar\/news\/wp-json\/wp\/v2\/users\/2"}],"replies":[{"embeddable":true,"href":"https:\/\/www.crossprensa.com.ar\/news\/wp-json\/wp\/v2\/comments?post=33636"}],"version-history":[{"count":1,"href":"https:\/\/www.crossprensa.com.ar\/news\/wp-json\/wp\/v2\/posts\/33636\/revisions"}],"predecessor-version":[{"id":33638,"href":"https:\/\/www.crossprensa.com.ar\/news\/wp-json\/wp\/v2\/posts\/33636\/revisions\/33638"}],"wp:featuredmedia":[{"embeddable":true,"href":"https:\/\/www.crossprensa.com.ar\/news\/wp-json\/wp\/v2\/media\/33637"}],"wp:attachment":[{"href":"https:\/\/www.crossprensa.com.ar\/news\/wp-json\/wp\/v2\/media?parent=33636"}],"wp:term":[{"taxonomy":"category","embeddable":true,"href":"https:\/\/www.crossprensa.com.ar\/news\/wp-json\/wp\/v2\/categories?post=33636"},{"taxonomy":"post_tag","embeddable":true,"href":"https:\/\/www.crossprensa.com.ar\/news\/wp-json\/wp\/v2\/tags?post=33636"}],"curies":[{"name":"wp","href":"https:\/\/api.w.org\/{rel}","templated":true}]}}