{"id":33629,"date":"2018-01-30T14:13:33","date_gmt":"2018-01-30T17:13:33","guid":{"rendered":"http:\/\/www.crossprensa.com.ar\/news\/?p=33629"},"modified":"2018-01-30T14:13:33","modified_gmt":"2018-01-30T17:13:33","slug":"ken-roczen-mejorar-las-largadas","status":"publish","type":"post","link":"https:\/\/www.crossprensa.com.ar\/news\/ken-roczen-mejorar-las-largadas\/ama-supercross\/","title":{"rendered":"KEN ROCZEN: MEJORAR LAS LARGADAS&#8230;"},"content":{"rendered":"<p>Ken Roczen con el equipo Honda HRC consigui\u00f3 un rendimiento impresionante a bordo de su CRF450R en la 4ta. fecha del AMA Supercross en Glendale, Arizona, anotando su segundo podio de la temporada con un tercer lugar.\u00a0Cuando cay\u00f3 el partidor para la final, Roczen entr\u00f3 en la primera curva en la sexta posici\u00f3n, pero r\u00e1pidamente subi\u00f3 en la quinta posici\u00f3n en la primera vuelta.\u00a0El alem\u00e1n continu\u00f3 su ataque hacia delante, conquistando el cuarto despu\u00e9s de algunas vueltas.\u00a0Con los ojos en el podio, Roczen comenz\u00f3 a presionar al tercer piloto, Weston Peick, luchando duro antes de poder pasar.\u00a0Pas\u00f3 el resto de la carrera tratando de acercarse a Justin Barcia, pero los errores en los minutos finales de la carrera le hicieron perder tiempo y conformarse con el tercer lugar.<\/p>\n<p><!--more--><\/p>\n<p>El compa\u00f1ero de equipo de Roczen, Cole Seely, tuvo una tarde que no le gust\u00f3, un mal comienzo y un gran error al final de la vuelta 23 del evento principal lo vio tomar la bandera a cuadros en el 12 \u00b0 lugar .\u00a0Despu\u00e9s de haber sido flanqueado por una mala elecci\u00f3n, Seely tuvo problemas para cruzar la l\u00ednea, completando la primera vuelta en el 15 \u00b0 lugar.\u00a0A mitad de camino, el californiano hab\u00eda ingresado en el octavo lugar.\u00a0Una llamada de cerca en la secci\u00f3n de arena lo hizo perder el ritmo, finalmente lo envi\u00f3 en duod\u00e9cima posici\u00f3n.<\/p>\n<h2>Ken Roczen declar\u00f3:<\/h2>\n<p>&#8220;Subimos al podio esta noche con un tercer lugar, lo cual es fant\u00e1stico.\u00a0Tuvimos una buena carrera en el heat, pero realmente necesito trabajar para mejorar mis largadas.\u00a0Tengo la velocidad y la forma f\u00edsica, pero solo necesito poner el partidor en mi mente.\u00a0Estaba en sexta posici\u00f3n, super\u00e9 algunos pilotos y termin\u00e9 tercero.\u00a0Hice algunas vueltas s\u00f3lidas y estaba escalando sobre Justin [Barcia], pero desafortunadamente, el tiempo no alcanz\u00f3.\u00a0En general, estoy contento con las carreras de esta noche.\u00a0Obviamente, queremos ganar, pero despu\u00e9s del fin de semana pasado fue importante para m\u00ed venir aqu\u00ed y conducir como lo hice.\u00a0Fue una gran llamada de confianza.\u00a0El equipo y todos han trabajado mucho cada semana.\u00a0Ahora me estoy divirtiendo mucho y amo d\u00f3nde estamos, as\u00ed que continuaremos construyendo desde aqu\u00ed.\u00a0&#8221;<\/p>\n<p>&nbsp;<\/p>\n","protected":false},"excerpt":{"rendered":"<p>Ken Roczen con el equipo Honda HRC consigui\u00f3 un rendimiento impresionante a bordo de su&#8230;<\/p>\n","protected":false},"author":2,"featured_media":0,"comment_status":"open","ping_status":"open","sticky":false,"template":"","format":"standard","meta":{"om_disable_all_campaigns":false,"_monsterinsights_skip_tracking":false,"_monsterinsights_sitenote_active":false,"_monsterinsights_sitenote_note":"","_monsterinsights_sitenote_category":0,"_uf_show_specific_survey":0,"_uf_disable_surveys":false,"footnotes":""},"categories":[30],"tags":[],"class_list":["post-33629","post","type-post","status-publish","format-standard","hentry","category-ama-supercross"],"aioseo_notices":[],"_links":{"self":[{"href":"https:\/\/www.crossprensa.com.ar\/news\/wp-json\/wp\/v2\/posts\/33629","targetHints":{"allow":["GET"]}}],"collection":[{"href":"https:\/\/www.crossprensa.com.ar\/news\/wp-json\/wp\/v2\/posts"}],"about":[{"href":"https:\/\/www.crossprensa.com.ar\/news\/wp-json\/wp\/v2\/types\/post"}],"author":[{"embeddable":true,"href":"https:\/\/www.crossprensa.com.ar\/news\/wp-json\/wp\/v2\/users\/2"}],"replies":[{"embeddable":true,"href":"https:\/\/www.crossprensa.com.ar\/news\/wp-json\/wp\/v2\/comments?post=33629"}],"version-history":[{"count":1,"href":"https:\/\/www.crossprensa.com.ar\/news\/wp-json\/wp\/v2\/posts\/33629\/revisions"}],"predecessor-version":[{"id":33630,"href":"https:\/\/www.crossprensa.com.ar\/news\/wp-json\/wp\/v2\/posts\/33629\/revisions\/33630"}],"wp:attachment":[{"href":"https:\/\/www.crossprensa.com.ar\/news\/wp-json\/wp\/v2\/media?parent=33629"}],"wp:term":[{"taxonomy":"category","embeddable":true,"href":"https:\/\/www.crossprensa.com.ar\/news\/wp-json\/wp\/v2\/categories?post=33629"},{"taxonomy":"post_tag","embeddable":true,"href":"https:\/\/www.crossprensa.com.ar\/news\/wp-json\/wp\/v2\/tags?post=33629"}],"curies":[{"name":"wp","href":"https:\/\/api.w.org\/{rel}","templated":true}]}}