{"id":33610,"date":"2018-01-29T14:08:39","date_gmt":"2018-01-29T17:08:39","guid":{"rendered":"http:\/\/www.crossprensa.com.ar\/news\/?p=33610"},"modified":"2018-01-29T15:07:07","modified_gmt":"2018-01-29T18:07:07","slug":"nahuel-kriger-lesionado","status":"publish","type":"post","link":"https:\/\/www.crossprensa.com.ar\/news\/nahuel-kriger-lesionado\/mx-argentino\/","title":{"rendered":"NAHUEL KRIGER LESIONADO"},"content":{"rendered":"<p>ATENCION . IMAGENES FUERTES.<\/p>\n<p>El piloto sure\u00f1o estuvo entrenando con su KTM en Jes\u00fas Mar\u00eda, C\u00f3rdoba, y en un determinado momento entrenando en un r\u00edo seco, con mucha arena, sufri\u00f3 una fuerte ca\u00edda por la que el manubrio de clava en su pierna izquierda causando una muy profunda lesi\u00f3n que requiri\u00f3 de 47 puntos de sutura y pas\u00f3 muy, muy cerca de la arteria femoral que gracias a Dios no la toc\u00f3. Aqu\u00ed, las fotos&#8230;\u00a0 pero reiteramos son FUERTES y verlas es decisi\u00f3n de los sres. lectores de Crossprensa.<\/p>\n<p><!--more--><\/p>\n<p><img fetchpriority=\"high\" decoding=\"async\" class=\"aligncenter size-large wp-image-33612\" src=\"http:\/\/www.crossprensa.com.ar\/news\/wp-content\/uploads\/2018\/01\/Gr\u00e1ficoz1495-225x400.jpg\" alt=\"\" width=\"225\" height=\"400\" srcset=\"https:\/\/www.crossprensa.com.ar\/news\/wp-content\/uploads\/2018\/01\/Gr\u00e1ficoz1495-225x400.jpg 225w, https:\/\/www.crossprensa.com.ar\/news\/wp-content\/uploads\/2018\/01\/Gr\u00e1ficoz1495-169x300.jpg 169w, https:\/\/www.crossprensa.com.ar\/news\/wp-content\/uploads\/2018\/01\/Gr\u00e1ficoz1495.jpg 720w\" sizes=\"(max-width: 225px) 100vw, 225px\" \/><\/p>\n<p><img decoding=\"async\" class=\"aligncenter size-large wp-image-33613\" src=\"http:\/\/www.crossprensa.com.ar\/news\/wp-content\/uploads\/2018\/01\/Gr\u00e1ficoz1496-225x400.jpg\" alt=\"\" width=\"225\" height=\"400\" srcset=\"https:\/\/www.crossprensa.com.ar\/news\/wp-content\/uploads\/2018\/01\/Gr\u00e1ficoz1496-225x400.jpg 225w, https:\/\/www.crossprensa.com.ar\/news\/wp-content\/uploads\/2018\/01\/Gr\u00e1ficoz1496-169x300.jpg 169w, https:\/\/www.crossprensa.com.ar\/news\/wp-content\/uploads\/2018\/01\/Gr\u00e1ficoz1496.jpg 720w\" sizes=\"(max-width: 225px) 100vw, 225px\" \/><\/p>\n<p><img decoding=\"async\" class=\"aligncenter size-large wp-image-33614\" src=\"http:\/\/www.crossprensa.com.ar\/news\/wp-content\/uploads\/2018\/01\/Gr\u00e1ficoz1497-225x400.jpg\" alt=\"\" width=\"225\" height=\"400\" srcset=\"https:\/\/www.crossprensa.com.ar\/news\/wp-content\/uploads\/2018\/01\/Gr\u00e1ficoz1497-225x400.jpg 225w, https:\/\/www.crossprensa.com.ar\/news\/wp-content\/uploads\/2018\/01\/Gr\u00e1ficoz1497-169x300.jpg 169w, https:\/\/www.crossprensa.com.ar\/news\/wp-content\/uploads\/2018\/01\/Gr\u00e1ficoz1497.jpg 720w\" sizes=\"(max-width: 225px) 100vw, 225px\" \/><\/p>\n","protected":false},"excerpt":{"rendered":"<p>ATENCION . IMAGENES FUERTES. El piloto sure\u00f1o estuvo entrenando con su KTM en Jes\u00fas Mar\u00eda,&#8230;<\/p>\n","protected":false},"author":2,"featured_media":0,"comment_status":"open","ping_status":"open","sticky":false,"template":"","format":"standard","meta":{"om_disable_all_campaigns":false,"_monsterinsights_skip_tracking":false,"_monsterinsights_sitenote_active":false,"_monsterinsights_sitenote_note":"","_monsterinsights_sitenote_category":0,"_uf_show_specific_survey":0,"_uf_disable_surveys":false,"footnotes":""},"categories":[38,27],"tags":[],"class_list":["post-33610","post","type-post","status-publish","format-standard","hentry","category-hot-news","category-mx-argentino"],"aioseo_notices":[],"_links":{"self":[{"href":"https:\/\/www.crossprensa.com.ar\/news\/wp-json\/wp\/v2\/posts\/33610","targetHints":{"allow":["GET"]}}],"collection":[{"href":"https:\/\/www.crossprensa.com.ar\/news\/wp-json\/wp\/v2\/posts"}],"about":[{"href":"https:\/\/www.crossprensa.com.ar\/news\/wp-json\/wp\/v2\/types\/post"}],"author":[{"embeddable":true,"href":"https:\/\/www.crossprensa.com.ar\/news\/wp-json\/wp\/v2\/users\/2"}],"replies":[{"embeddable":true,"href":"https:\/\/www.crossprensa.com.ar\/news\/wp-json\/wp\/v2\/comments?post=33610"}],"version-history":[{"count":3,"href":"https:\/\/www.crossprensa.com.ar\/news\/wp-json\/wp\/v2\/posts\/33610\/revisions"}],"predecessor-version":[{"id":33617,"href":"https:\/\/www.crossprensa.com.ar\/news\/wp-json\/wp\/v2\/posts\/33610\/revisions\/33617"}],"wp:attachment":[{"href":"https:\/\/www.crossprensa.com.ar\/news\/wp-json\/wp\/v2\/media?parent=33610"}],"wp:term":[{"taxonomy":"category","embeddable":true,"href":"https:\/\/www.crossprensa.com.ar\/news\/wp-json\/wp\/v2\/categories?post=33610"},{"taxonomy":"post_tag","embeddable":true,"href":"https:\/\/www.crossprensa.com.ar\/news\/wp-json\/wp\/v2\/tags?post=33610"}],"curies":[{"name":"wp","href":"https:\/\/api.w.org\/{rel}","templated":true}]}}