{"id":33560,"date":"2018-01-26T15:15:11","date_gmt":"2018-01-26T18:15:11","guid":{"rendered":"http:\/\/www.crossprensa.com.ar\/news\/?p=33560"},"modified":"2018-01-26T15:15:11","modified_gmt":"2018-01-26T18:15:11","slug":"mx-argentino-presser-a-la-mx2","status":"publish","type":"post","link":"https:\/\/www.crossprensa.com.ar\/news\/mx-argentino-presser-a-la-mx2\/mx-argentino\/","title":{"rendered":"MX ARGENTINO: Presser a la MX2."},"content":{"rendered":"<p>El piloto esperancino representante del Club Indio Blanco Motocross, que integrar\u00e1 el equipo de Gustavo Poli, junto a Agust\u00edn Poli y varios mas, estar\u00e1 corriendo este a\u00f1o en la muy competitiva categor\u00eda MX2 B del Campeonato Argentino, estrenando dos impecables KTM 125 2018.<\/p>\n<p><!--more--><\/p>\n<p><img fetchpriority=\"high\" decoding=\"async\" class=\"aligncenter size-large wp-image-33562\" src=\"http:\/\/www.crossprensa.com.ar\/news\/wp-content\/uploads\/2018\/01\/Gr\u00e1ficoz1405-600x400.jpg\" alt=\"\" width=\"600\" height=\"400\" \/><\/p>\n","protected":false},"excerpt":{"rendered":"<p>El piloto esperancino representante del Club Indio Blanco Motocross, que integrar\u00e1 el equipo de Gustavo&#8230;<\/p>\n","protected":false},"author":2,"featured_media":0,"comment_status":"open","ping_status":"open","sticky":false,"template":"","format":"standard","meta":{"om_disable_all_campaigns":false,"_monsterinsights_skip_tracking":false,"_monsterinsights_sitenote_active":false,"_monsterinsights_sitenote_note":"","_monsterinsights_sitenote_category":0,"_uf_show_specific_survey":0,"_uf_disable_surveys":false,"footnotes":""},"categories":[38,27],"tags":[],"class_list":["post-33560","post","type-post","status-publish","format-standard","hentry","category-hot-news","category-mx-argentino"],"aioseo_notices":[],"_links":{"self":[{"href":"https:\/\/www.crossprensa.com.ar\/news\/wp-json\/wp\/v2\/posts\/33560","targetHints":{"allow":["GET"]}}],"collection":[{"href":"https:\/\/www.crossprensa.com.ar\/news\/wp-json\/wp\/v2\/posts"}],"about":[{"href":"https:\/\/www.crossprensa.com.ar\/news\/wp-json\/wp\/v2\/types\/post"}],"author":[{"embeddable":true,"href":"https:\/\/www.crossprensa.com.ar\/news\/wp-json\/wp\/v2\/users\/2"}],"replies":[{"embeddable":true,"href":"https:\/\/www.crossprensa.com.ar\/news\/wp-json\/wp\/v2\/comments?post=33560"}],"version-history":[{"count":1,"href":"https:\/\/www.crossprensa.com.ar\/news\/wp-json\/wp\/v2\/posts\/33560\/revisions"}],"predecessor-version":[{"id":33563,"href":"https:\/\/www.crossprensa.com.ar\/news\/wp-json\/wp\/v2\/posts\/33560\/revisions\/33563"}],"wp:attachment":[{"href":"https:\/\/www.crossprensa.com.ar\/news\/wp-json\/wp\/v2\/media?parent=33560"}],"wp:term":[{"taxonomy":"category","embeddable":true,"href":"https:\/\/www.crossprensa.com.ar\/news\/wp-json\/wp\/v2\/categories?post=33560"},{"taxonomy":"post_tag","embeddable":true,"href":"https:\/\/www.crossprensa.com.ar\/news\/wp-json\/wp\/v2\/tags?post=33560"}],"curies":[{"name":"wp","href":"https:\/\/api.w.org\/{rel}","templated":true}]}}