{"id":31510,"date":"2017-10-30T17:52:53","date_gmt":"2017-10-30T20:52:53","guid":{"rendered":"http:\/\/www.crossprensa.com.ar\/news\/?p=31510"},"modified":"2017-10-30T17:52:53","modified_gmt":"2017-10-30T20:52:53","slug":"de-coster-que-vuelvan-los-2t","status":"publish","type":"post","link":"https:\/\/www.crossprensa.com.ar\/news\/de-coster-que-vuelvan-los-2t\/mx\/","title":{"rendered":"DE COSTER: Que vuelvan los 2T&#8230;"},"content":{"rendered":"<p>Roger DeCoster, al igual que Youthstream, est\u00e1 interesado en los 2 tiempos para\u00a0que vuelvan a los principales eventos de motocross.\u00a0El cinco veces campe\u00f3n mundial de motocross lo hamencionado en un programa de radio estadounidense, c\u00f3mo siente que es importante para el deporte ver el regreso de los 2 tiempos, algo que Giuseppe Luongo mencion\u00f3 hace un mes.<\/p>\n<p><!--more--><\/p>\n<p>Youthstream ha implementado las carreras de 2 tiempos en los campeonatos europeos, e incluso est\u00e1 considerando tenerlos en la serie MXGP.\u00a0KTM y HUSQVARNA obviamente tiene un nuevo 2 tiempos, que muchos dicen que es competitivo con los 250 4 tiempos.<\/p>\n<p>&#8220;Ya tienen categor\u00edas en Europa&#8221;, dijo DeCoster.\u00a0&#8220;Como los campeonatos europeos, y tambi\u00e9n hay inter\u00e9s aqu\u00ed (en Am\u00e9rica).\u00a0Hay mucha gente a la que le gusta la categor\u00eda de 2 tiempos.\u00a0Si funciona y despega, los otros fabricantes construir\u00e1n una moto mas que seguramente.\u00a0Si los n\u00fameros y el dinero aparecen, construir\u00e1n una.\u00a0Los dos tiempos\u00a0son buenos para el deporte &#8220;.<\/p>\n<p>Entonces nosotros TAN equivocados no est\u00e1bamos con esta nota sobre el <a href=\"http:\/\/www.crossprensa.com.ar\/news\/?p=31086\">Campeonato Argentino de 125cc&#8230;!<\/a><\/p>\n<p>DeCoster tambi\u00e9n habl\u00f3 sobre la importancia de que los Estados Unidos vuelvan a tomar el MXoN en serio.<\/p>\n<p>&#8220;Es la carrera individual m\u00e1s grande del a\u00f1o, y est\u00e1 cubierta por la prensa internacional, y recibe m\u00e1s prensa que el AMA MX Outdoor Nationals,\u00a0y el Supercross.\u00a0No puede desaparecer, creo que los equipos lo analizar\u00e1n, y estar en EE. UU. El pr\u00f3ximo a\u00f1o podr\u00eda ayudar a que se forme nuevamente un equipo competitivo&#8221;.<\/p>\n","protected":false},"excerpt":{"rendered":"<p>Roger DeCoster, al igual que Youthstream, est\u00e1 interesado en los 2 tiempos para\u00a0que vuelvan a&#8230;<\/p>\n","protected":false},"author":2,"featured_media":0,"comment_status":"open","ping_status":"open","sticky":false,"template":"","format":"standard","meta":{"om_disable_all_campaigns":false,"_monsterinsights_skip_tracking":false,"_monsterinsights_sitenote_active":false,"_monsterinsights_sitenote_note":"","_monsterinsights_sitenote_category":0,"_uf_show_specific_survey":0,"_uf_disable_surveys":false,"footnotes":""},"categories":[25,30,7,27,24,33],"tags":[5],"class_list":["post-31510","post","type-post","status-publish","format-standard","hentry","category-ama-motocross","category-ama-supercross","category-mx","category-mx-argentino","category-mxgp","category-mxon","tag-slice"],"aioseo_notices":[],"_links":{"self":[{"href":"https:\/\/www.crossprensa.com.ar\/news\/wp-json\/wp\/v2\/posts\/31510","targetHints":{"allow":["GET"]}}],"collection":[{"href":"https:\/\/www.crossprensa.com.ar\/news\/wp-json\/wp\/v2\/posts"}],"about":[{"href":"https:\/\/www.crossprensa.com.ar\/news\/wp-json\/wp\/v2\/types\/post"}],"author":[{"embeddable":true,"href":"https:\/\/www.crossprensa.com.ar\/news\/wp-json\/wp\/v2\/users\/2"}],"replies":[{"embeddable":true,"href":"https:\/\/www.crossprensa.com.ar\/news\/wp-json\/wp\/v2\/comments?post=31510"}],"version-history":[{"count":1,"href":"https:\/\/www.crossprensa.com.ar\/news\/wp-json\/wp\/v2\/posts\/31510\/revisions"}],"predecessor-version":[{"id":31512,"href":"https:\/\/www.crossprensa.com.ar\/news\/wp-json\/wp\/v2\/posts\/31510\/revisions\/31512"}],"wp:attachment":[{"href":"https:\/\/www.crossprensa.com.ar\/news\/wp-json\/wp\/v2\/media?parent=31510"}],"wp:term":[{"taxonomy":"category","embeddable":true,"href":"https:\/\/www.crossprensa.com.ar\/news\/wp-json\/wp\/v2\/categories?post=31510"},{"taxonomy":"post_tag","embeddable":true,"href":"https:\/\/www.crossprensa.com.ar\/news\/wp-json\/wp\/v2\/tags?post=31510"}],"curies":[{"name":"wp","href":"https:\/\/api.w.org\/{rel}","templated":true}]}}