{"id":31501,"date":"2017-10-30T17:26:57","date_gmt":"2017-10-30T20:26:57","guid":{"rendered":"http:\/\/www.crossprensa.com.ar\/news\/?p=31501"},"modified":"2017-10-30T17:26:57","modified_gmt":"2017-10-30T20:26:57","slug":"la-operacion-de-reed","status":"publish","type":"post","link":"https:\/\/www.crossprensa.com.ar\/news\/la-operacion-de-reed\/ama-motocross\/","title":{"rendered":"La operaci\u00f3n de Reed."},"content":{"rendered":"<h2><span style=\"color: #ff0000;\">ADVERTENCIA: IMAGENES FUERTES<\/span><\/h2>\n<p>La semana pasada informamos directamente de la lesi\u00f3n en el tobillo Chad Reed que se hab\u00eda provocado al saltar a un plano en el Rhtymh &amp; Straigth, ser\u00eda luego de una\u00a0prueba de desempe\u00f1o en el 2T de Chad para hacer frente a Villopoto!<\/p>\n<p><!--more--><\/p>\n<p>Es una l\u00e1stima que las pruebas resultaron\u00a0mal, se qued\u00f3 corto en un doble y sufriera la compresi\u00f3n del tobillo, las im\u00e1genes\u00a0de Chad Reed en las redes sociales\u00a0nos hicieron pensar que hab\u00eda m\u00e1s da\u00f1o de lo normal&#8230; y\u00a0 por desgracia, result\u00f3 ser cierto, seg\u00fan lo confirmado por Reed en Instagram que ten\u00eda dos fracturas en su tobillo y la intervenci\u00f3n quir\u00fargica fue necesaria para corregirlas.<\/p>\n<p>Aqu\u00ed las fotos, y reiteramos <strong><span style=\"color: #ff0000;\">IMAGENES FUERTES.<\/span><\/strong><\/p>\n<p><img fetchpriority=\"high\" decoding=\"async\" class=\"aligncenter size-large wp-image-31502\" src=\"http:\/\/www.crossprensa.com.ar\/news\/wp-content\/uploads\/2017\/10\/Gr\u00e1ficoz1099-403x400.jpg\" alt=\"\" width=\"403\" height=\"400\" \/><\/p>\n<p><img decoding=\"async\" class=\"aligncenter size-large wp-image-31503\" src=\"http:\/\/www.crossprensa.com.ar\/news\/wp-content\/uploads\/2017\/10\/Gr\u00e1ficoz1100-400x400.jpg\" alt=\"\" width=\"400\" height=\"400\" \/><\/p>\n<p><img decoding=\"async\" class=\"aligncenter size-large wp-image-31504\" src=\"http:\/\/www.crossprensa.com.ar\/news\/wp-content\/uploads\/2017\/10\/Gr\u00e1ficoz1101-402x400.jpg\" alt=\"\" width=\"402\" height=\"400\" \/><\/p>\n<p>&nbsp;<\/p>\n","protected":false},"excerpt":{"rendered":"<p>ADVERTENCIA: IMAGENES FUERTES La semana pasada informamos directamente de la lesi\u00f3n en el tobillo Chad&#8230;<\/p>\n","protected":false},"author":2,"featured_media":0,"comment_status":"open","ping_status":"open","sticky":false,"template":"","format":"standard","meta":{"om_disable_all_campaigns":false,"_monsterinsights_skip_tracking":false,"_monsterinsights_sitenote_active":false,"_monsterinsights_sitenote_note":"","_monsterinsights_sitenote_category":0,"_uf_show_specific_survey":0,"_uf_disable_surveys":false,"footnotes":""},"categories":[25,30],"tags":[5],"class_list":["post-31501","post","type-post","status-publish","format-standard","hentry","category-ama-motocross","category-ama-supercross","tag-slice"],"aioseo_notices":[],"_links":{"self":[{"href":"https:\/\/www.crossprensa.com.ar\/news\/wp-json\/wp\/v2\/posts\/31501","targetHints":{"allow":["GET"]}}],"collection":[{"href":"https:\/\/www.crossprensa.com.ar\/news\/wp-json\/wp\/v2\/posts"}],"about":[{"href":"https:\/\/www.crossprensa.com.ar\/news\/wp-json\/wp\/v2\/types\/post"}],"author":[{"embeddable":true,"href":"https:\/\/www.crossprensa.com.ar\/news\/wp-json\/wp\/v2\/users\/2"}],"replies":[{"embeddable":true,"href":"https:\/\/www.crossprensa.com.ar\/news\/wp-json\/wp\/v2\/comments?post=31501"}],"version-history":[{"count":1,"href":"https:\/\/www.crossprensa.com.ar\/news\/wp-json\/wp\/v2\/posts\/31501\/revisions"}],"predecessor-version":[{"id":31506,"href":"https:\/\/www.crossprensa.com.ar\/news\/wp-json\/wp\/v2\/posts\/31501\/revisions\/31506"}],"wp:attachment":[{"href":"https:\/\/www.crossprensa.com.ar\/news\/wp-json\/wp\/v2\/media?parent=31501"}],"wp:term":[{"taxonomy":"category","embeddable":true,"href":"https:\/\/www.crossprensa.com.ar\/news\/wp-json\/wp\/v2\/categories?post=31501"},{"taxonomy":"post_tag","embeddable":true,"href":"https:\/\/www.crossprensa.com.ar\/news\/wp-json\/wp\/v2\/tags?post=31501"}],"curies":[{"name":"wp","href":"https:\/\/api.w.org\/{rel}","templated":true}]}}