{"id":30878,"date":"2017-10-03T09:54:44","date_gmt":"2017-10-03T12:54:44","guid":{"rendered":"http:\/\/www.crossprensa.com.ar\/news\/?p=30878"},"modified":"2017-10-03T09:54:44","modified_gmt":"2017-10-03T12:54:44","slug":"mxon-que-paso-con-seely","status":"publish","type":"post","link":"https:\/\/www.crossprensa.com.ar\/news\/mxon-que-paso-con-seely\/mx\/","title":{"rendered":"MXoN: Que pas\u00f3 con Seely?"},"content":{"rendered":"<p>El equipo norteamericano tuvo una actuaci\u00f3n casi decepcionante. Hace varios a\u00f1os que no puede concretar la contundencia que demostr\u00f3 en otras \u00e9pocas y en esta carrera en particular donde el &#8220;frente a frente&#8221; se magnifica de una forma inigualable, esta edici\u00f3n del Motocross de Las Naciones fue otra donde el Team USA no pudo concretar como equipo una gran actuaci\u00f3n. Sorprendi\u00f3 ver a Cole Seely abandonar las dos carreras con el mismo problema.<\/p>\n<p><!--more--><\/p>\n<p>Primera carrera, y en determinado momento se ve a Seely irse a boxes con la moto totalmente aplastada de atr\u00e1s por lo que supusimos (con nuestros conocimientos de mec\u00e1nica) que la moto hab\u00eda roto el amortiguador, ya que si fueran las bieletas no pod\u00eda llegar andando porque la rueda se apoya en el guardabarros directamente y se frena. Mas si hay barro, era imposible que llegara andando.<\/p>\n<p>En la segunda carrera, LO MISMO, para en boxes y cuando deja la moto en manos de sus mec\u00e1nicos la bronca del norteamericano era indisimulable.<\/p>\n<p>Buscando, mirando, revisando junto a Leandro Yorio encontramos que seg\u00fan dijeron sus responsables t\u00e9cnicos el problema fue que el barro mezclado con piedras hab\u00eda roto el collar del resorte (O tope del resorte), que es la pieza de color rojo que ven en la foto. Sinceramente, es la primera vez en todos mis a\u00f1os de MX que escucho que esa pieza se rompa por &#8220;barro y piedras&#8221;. Ser\u00e1?<\/p>\n<p><img fetchpriority=\"high\" decoding=\"async\" class=\"aligncenter wp-image-30880 size-full\" src=\"http:\/\/www.crossprensa.com.ar\/news\/wp-content\/uploads\/2017\/10\/Gr\u00e1ficoz1042-1-e1507035248268.jpg\" alt=\"\" width=\"1200\" height=\"674\" \/><\/p>\n","protected":false},"excerpt":{"rendered":"<p>El equipo norteamericano tuvo una actuaci\u00f3n casi decepcionante. Hace varios a\u00f1os que no puede concretar&#8230;<\/p>\n","protected":false},"author":2,"featured_media":30879,"comment_status":"open","ping_status":"open","sticky":false,"template":"","format":"standard","meta":{"om_disable_all_campaigns":false,"_monsterinsights_skip_tracking":false,"_monsterinsights_sitenote_active":false,"_monsterinsights_sitenote_note":"","_monsterinsights_sitenote_category":0,"_uf_show_specific_survey":0,"_uf_disable_surveys":false,"footnotes":""},"categories":[25,30,32,7,33],"tags":[5],"class_list":["post-30878","post","type-post","status-publish","format-standard","has-post-thumbnail","hentry","category-ama-motocross","category-ama-supercross","category-motocross-de-las-naciones","category-mx","category-mxon","tag-slice"],"aioseo_notices":[],"_links":{"self":[{"href":"https:\/\/www.crossprensa.com.ar\/news\/wp-json\/wp\/v2\/posts\/30878","targetHints":{"allow":["GET"]}}],"collection":[{"href":"https:\/\/www.crossprensa.com.ar\/news\/wp-json\/wp\/v2\/posts"}],"about":[{"href":"https:\/\/www.crossprensa.com.ar\/news\/wp-json\/wp\/v2\/types\/post"}],"author":[{"embeddable":true,"href":"https:\/\/www.crossprensa.com.ar\/news\/wp-json\/wp\/v2\/users\/2"}],"replies":[{"embeddable":true,"href":"https:\/\/www.crossprensa.com.ar\/news\/wp-json\/wp\/v2\/comments?post=30878"}],"version-history":[{"count":1,"href":"https:\/\/www.crossprensa.com.ar\/news\/wp-json\/wp\/v2\/posts\/30878\/revisions"}],"predecessor-version":[{"id":30881,"href":"https:\/\/www.crossprensa.com.ar\/news\/wp-json\/wp\/v2\/posts\/30878\/revisions\/30881"}],"wp:featuredmedia":[{"embeddable":true,"href":"https:\/\/www.crossprensa.com.ar\/news\/wp-json\/wp\/v2\/media\/30879"}],"wp:attachment":[{"href":"https:\/\/www.crossprensa.com.ar\/news\/wp-json\/wp\/v2\/media?parent=30878"}],"wp:term":[{"taxonomy":"category","embeddable":true,"href":"https:\/\/www.crossprensa.com.ar\/news\/wp-json\/wp\/v2\/categories?post=30878"},{"taxonomy":"post_tag","embeddable":true,"href":"https:\/\/www.crossprensa.com.ar\/news\/wp-json\/wp\/v2\/tags?post=30878"}],"curies":[{"name":"wp","href":"https:\/\/api.w.org\/{rel}","templated":true}]}}