{"id":30819,"date":"2017-09-30T13:58:22","date_gmt":"2017-09-30T16:58:22","guid":{"rendered":"http:\/\/www.crossprensa.com.ar\/news\/?p=30819"},"modified":"2017-09-30T14:11:42","modified_gmt":"2017-09-30T17:11:42","slug":"jose-felipe-nos-cuenta-su-experiencia-en-mxon","status":"publish","type":"post","link":"https:\/\/www.crossprensa.com.ar\/news\/jose-felipe-nos-cuenta-su-experiencia-en-mxon\/sin-categoria\/","title":{"rendered":"Jos\u00e9 Felipe nos  cuenta su experiencia en MXoN."},"content":{"rendered":"<p>Gran tarea en la largada del piloto de Kawasaki con su KXF 2018 atendida por Titi B\u00faa. Logr\u00f3 colocarse en el 10mo puesto en la primera vuelta pero una largada lo releg\u00f3 al puesto 35 y desde ah\u00ed remont\u00f3 dando lo mejor de si como piloto en una categor\u00eda dificil\u00edsima!<\/p>\n<p>Aqu\u00ed la palabra del piloto de Villa Mar\u00eda.<\/p>\n<p><!--more--><\/p>\n<p><iframe title=\"Jos\u00e9 Felipe nos cuenta su carrera en la Open del MXoN\" width=\"640\" height=\"360\" src=\"https:\/\/www.youtube.com\/embed\/Skww6mojcA0?feature=oembed\" frameborder=\"0\" allow=\"accelerometer; autoplay; clipboard-write; encrypted-media; gyroscope; picture-in-picture; web-share\" referrerpolicy=\"strict-origin-when-cross-origin\" allowfullscreen><\/iframe><\/p>\n","protected":false},"excerpt":{"rendered":"<p>Gran tarea en la largada del piloto de Kawasaki con su KXF 2018 atendida por&#8230;<\/p>\n","protected":false},"author":2,"featured_media":30802,"comment_status":"open","ping_status":"open","sticky":false,"template":"","format":"standard","meta":{"om_disable_all_campaigns":false,"_monsterinsights_skip_tracking":false,"_monsterinsights_sitenote_active":false,"_monsterinsights_sitenote_note":"","_monsterinsights_sitenote_category":0,"_uf_show_specific_survey":0,"_uf_disable_surveys":false,"footnotes":""},"categories":[1],"tags":[5],"class_list":["post-30819","post","type-post","status-publish","format-standard","has-post-thumbnail","hentry","category-sin-categoria","tag-slice"],"aioseo_notices":[],"_links":{"self":[{"href":"https:\/\/www.crossprensa.com.ar\/news\/wp-json\/wp\/v2\/posts\/30819","targetHints":{"allow":["GET"]}}],"collection":[{"href":"https:\/\/www.crossprensa.com.ar\/news\/wp-json\/wp\/v2\/posts"}],"about":[{"href":"https:\/\/www.crossprensa.com.ar\/news\/wp-json\/wp\/v2\/types\/post"}],"author":[{"embeddable":true,"href":"https:\/\/www.crossprensa.com.ar\/news\/wp-json\/wp\/v2\/users\/2"}],"replies":[{"embeddable":true,"href":"https:\/\/www.crossprensa.com.ar\/news\/wp-json\/wp\/v2\/comments?post=30819"}],"version-history":[{"count":1,"href":"https:\/\/www.crossprensa.com.ar\/news\/wp-json\/wp\/v2\/posts\/30819\/revisions"}],"predecessor-version":[{"id":30821,"href":"https:\/\/www.crossprensa.com.ar\/news\/wp-json\/wp\/v2\/posts\/30819\/revisions\/30821"}],"wp:featuredmedia":[{"embeddable":true,"href":"https:\/\/www.crossprensa.com.ar\/news\/wp-json\/wp\/v2\/media\/30802"}],"wp:attachment":[{"href":"https:\/\/www.crossprensa.com.ar\/news\/wp-json\/wp\/v2\/media?parent=30819"}],"wp:term":[{"taxonomy":"category","embeddable":true,"href":"https:\/\/www.crossprensa.com.ar\/news\/wp-json\/wp\/v2\/categories?post=30819"},{"taxonomy":"post_tag","embeddable":true,"href":"https:\/\/www.crossprensa.com.ar\/news\/wp-json\/wp\/v2\/tags?post=30819"}],"curies":[{"name":"wp","href":"https:\/\/api.w.org\/{rel}","templated":true}]}}