{"id":30778,"date":"2017-09-29T08:57:12","date_gmt":"2017-09-29T11:57:12","guid":{"rendered":"http:\/\/www.crossprensa.com.ar\/news\/?p=30778"},"modified":"2017-09-29T08:57:12","modified_gmt":"2017-09-29T11:57:12","slug":"mxon-francia-por-la-victoria","status":"publish","type":"post","link":"https:\/\/www.crossprensa.com.ar\/news\/mxon-francia-por-la-victoria\/mx\/","title":{"rendered":"MXoN: Francia por la victoria."},"content":{"rendered":"<p>MXoN: Francia saldr\u00e1 a defender el t\u00edtulo de 2016. Paulin, Febvre y Charlier ser\u00e1n los que pelear\u00e1n por mantenerlo. Ferrandis y Paturel (lesionados) no estar\u00e1n alineados y por eso se trajo al ahora endurista Christophe Charlier.<\/p>\n<p>&nbsp;<\/p>\n","protected":false},"excerpt":{"rendered":"<p>MXoN: Francia saldr\u00e1 a defender el t\u00edtulo de 2016. Paulin, Febvre y Charlier ser\u00e1n los&#8230;<\/p>\n","protected":false},"author":2,"featured_media":30779,"comment_status":"open","ping_status":"open","sticky":false,"template":"","format":"standard","meta":{"om_disable_all_campaigns":false,"_monsterinsights_skip_tracking":false,"_monsterinsights_sitenote_active":false,"_monsterinsights_sitenote_note":"","_monsterinsights_sitenote_category":0,"_uf_show_specific_survey":0,"_uf_disable_surveys":false,"footnotes":""},"categories":[32,7,27,24,33],"tags":[6],"class_list":["post-30778","post","type-post","status-publish","format-standard","has-post-thumbnail","hentry","category-motocross-de-las-naciones","category-mx","category-mx-argentino","category-mxgp","category-mxon","tag-text"],"aioseo_notices":[],"_links":{"self":[{"href":"https:\/\/www.crossprensa.com.ar\/news\/wp-json\/wp\/v2\/posts\/30778","targetHints":{"allow":["GET"]}}],"collection":[{"href":"https:\/\/www.crossprensa.com.ar\/news\/wp-json\/wp\/v2\/posts"}],"about":[{"href":"https:\/\/www.crossprensa.com.ar\/news\/wp-json\/wp\/v2\/types\/post"}],"author":[{"embeddable":true,"href":"https:\/\/www.crossprensa.com.ar\/news\/wp-json\/wp\/v2\/users\/2"}],"replies":[{"embeddable":true,"href":"https:\/\/www.crossprensa.com.ar\/news\/wp-json\/wp\/v2\/comments?post=30778"}],"version-history":[{"count":1,"href":"https:\/\/www.crossprensa.com.ar\/news\/wp-json\/wp\/v2\/posts\/30778\/revisions"}],"predecessor-version":[{"id":30780,"href":"https:\/\/www.crossprensa.com.ar\/news\/wp-json\/wp\/v2\/posts\/30778\/revisions\/30780"}],"wp:featuredmedia":[{"embeddable":true,"href":"https:\/\/www.crossprensa.com.ar\/news\/wp-json\/wp\/v2\/media\/30779"}],"wp:attachment":[{"href":"https:\/\/www.crossprensa.com.ar\/news\/wp-json\/wp\/v2\/media?parent=30778"}],"wp:term":[{"taxonomy":"category","embeddable":true,"href":"https:\/\/www.crossprensa.com.ar\/news\/wp-json\/wp\/v2\/categories?post=30778"},{"taxonomy":"post_tag","embeddable":true,"href":"https:\/\/www.crossprensa.com.ar\/news\/wp-json\/wp\/v2\/tags?post=30778"}],"curies":[{"name":"wp","href":"https:\/\/api.w.org\/{rel}","templated":true}]}}