{"id":25927,"date":"2017-01-26T15:34:20","date_gmt":"2017-01-26T18:34:20","guid":{"rendered":"http:\/\/www.crossprensa.com.ar\/news\/?p=25927"},"modified":"2017-01-26T17:17:14","modified_gmt":"2017-01-26T20:17:14","slug":"ellis-se-pone-a-punto-con-la-crf","status":"publish","type":"post","link":"https:\/\/www.crossprensa.com.ar\/news\/ellis-se-pone-a-punto-con-la-crf\/sin-categoria\/","title":{"rendered":"Ellis se pone a punto con la CRF."},"content":{"rendered":"<p style=\"text-align: justify;\">Al hablar de Felipe Ellis no hace falta mucha presentaci\u00f3n porque todos sabemos que hablamos del mejor piloto de arena de Argentina. Este a\u00f1o el cambio de marca dej\u00f3 abierta la puerta de la expectativa para ver como le sienta la nueva 450 que preparar\u00e1 el team Mec para el piloto de Bah\u00eda Blanca, y el mismo Ellis nos lo cuenta.<\/p>\n<p><!--more--><\/p>\n<p>Empezar a prepararse con una moto totalmente nueva, con un motor que responde diferente y un chasis del que no se conoce la reacci\u00f3n no es simple.<\/p>\n<p>Felipe Ellis estuvo probando su nueva moto y nos dijo eso:<\/p>\n<blockquote><p>&#8220;Realmente me sorprendi\u00f3 la moto aunque todav\u00eda estoy entrenando con una totalmente stock, sin piezas especiales y solo con la puesta a punto que pude hacer con Ezequiel Casaroli que est\u00e1 trabajando junto a todo el Team Mec para que podamos ir a pelear por la victoria. Aunque obviamente el objetivo primordial hoy es ir a ganar el EDV, la mira la tenemos puesta en todo el a\u00f1o con el Rally y poder encarar las carreras de Dakar Series para mi preparaci\u00f3n en esta nueva actividad que voy a encarar.<\/p>\n<p>De todas formas, la arena sigue siendo lo m\u00edo y ya estuve dando un curso en Claromec\u00f3, que a la vez me sirve para mentalizarme en el trabajo que realizo. Quiero repetir victoria y hacerlo sobre esta moto ser\u00eda un verdadero logro&#8230;&#8221;<\/p><\/blockquote>\n<p>Estaremos siguiendo paso a paso la evoluci\u00f3n del ganador del EDV para saber como encara la nueva edici\u00f3n de 2017 que ser\u00e1 cobertura EN VIVO de Crossprensa, y como siempre tendr\u00e1n la mejor informaci\u00f3n.<\/p>\n<p>Si su empresa quiere ser parte de nuestro trabajo, puede escribirnos a redaccion@crossprensa.com.ar, y ver\u00e1 que tenemos presupuesto para todos&#8230; Se lo van a perder?<\/p>\n<p><img fetchpriority=\"high\" decoding=\"async\" class=\"aligncenter size-large wp-image-25929\" src=\"http:\/\/www.crossprensa.com.ar\/news\/wp-content\/uploads\/2017\/01\/Gr\u00e1fico16-400x400.jpg\" alt=\"Gr\u00e1fico16\" width=\"400\" height=\"400\" \/><\/p>\n","protected":false},"excerpt":{"rendered":"<p>Al hablar de Felipe Ellis no hace falta mucha presentaci\u00f3n porque todos sabemos que hablamos&#8230;<\/p>\n","protected":false},"author":2,"featured_media":0,"comment_status":"open","ping_status":"open","sticky":false,"template":"","format":"standard","meta":{"om_disable_all_campaigns":false,"_monsterinsights_skip_tracking":false,"_monsterinsights_sitenote_active":false,"_monsterinsights_sitenote_note":"","_monsterinsights_sitenote_category":0,"_uf_show_specific_survey":0,"_uf_disable_surveys":false,"footnotes":""},"categories":[1],"tags":[5],"class_list":["post-25927","post","type-post","status-publish","format-standard","hentry","category-sin-categoria","tag-slice"],"aioseo_notices":[],"_links":{"self":[{"href":"https:\/\/www.crossprensa.com.ar\/news\/wp-json\/wp\/v2\/posts\/25927","targetHints":{"allow":["GET"]}}],"collection":[{"href":"https:\/\/www.crossprensa.com.ar\/news\/wp-json\/wp\/v2\/posts"}],"about":[{"href":"https:\/\/www.crossprensa.com.ar\/news\/wp-json\/wp\/v2\/types\/post"}],"author":[{"embeddable":true,"href":"https:\/\/www.crossprensa.com.ar\/news\/wp-json\/wp\/v2\/users\/2"}],"replies":[{"embeddable":true,"href":"https:\/\/www.crossprensa.com.ar\/news\/wp-json\/wp\/v2\/comments?post=25927"}],"version-history":[{"count":1,"href":"https:\/\/www.crossprensa.com.ar\/news\/wp-json\/wp\/v2\/posts\/25927\/revisions"}],"predecessor-version":[{"id":25930,"href":"https:\/\/www.crossprensa.com.ar\/news\/wp-json\/wp\/v2\/posts\/25927\/revisions\/25930"}],"wp:attachment":[{"href":"https:\/\/www.crossprensa.com.ar\/news\/wp-json\/wp\/v2\/media?parent=25927"}],"wp:term":[{"taxonomy":"category","embeddable":true,"href":"https:\/\/www.crossprensa.com.ar\/news\/wp-json\/wp\/v2\/categories?post=25927"},{"taxonomy":"post_tag","embeddable":true,"href":"https:\/\/www.crossprensa.com.ar\/news\/wp-json\/wp\/v2\/tags?post=25927"}],"curies":[{"name":"wp","href":"https:\/\/api.w.org\/{rel}","templated":true}]}}