{"id":25919,"date":"2017-01-26T12:36:46","date_gmt":"2017-01-26T15:36:46","guid":{"rendered":"http:\/\/www.crossprensa.com.ar\/news\/?p=25919"},"modified":"2017-01-26T14:04:29","modified_gmt":"2017-01-26T17:04:29","slug":"increible-roczen-ya-entrena","status":"publish","type":"post","link":"https:\/\/www.crossprensa.com.ar\/news\/increible-roczen-ya-entrena\/ama-motocross\/","title":{"rendered":"Incre\u00edble: Roczen ya entrena&#8230;"},"content":{"rendered":"<p style=\"text-align: justify;\">El esp\u00edritu positivo de Ken Roczen no tiene discusi\u00f3n porque conociendo su trayectoria en lo profesional y las cosas que desde chico tuvo que soportar en lo personal realmente no deja de sorprender su postura y su estado de \u00e1nimo dando siempre el 100% sobre la moto.<\/p>\n<p><!--more--><\/p>\n<p><img fetchpriority=\"high\" decoding=\"async\" class=\"aligncenter size-large wp-image-25923\" src=\"http:\/\/www.crossprensa.com.ar\/news\/wp-content\/uploads\/2017\/01\/nSHwv2b6431068jpg-522x400.jpg\" alt=\"nSHwv2b6431068jpg\" width=\"522\" height=\"400\" \/><\/p>\n<p style=\"text-align: justify;\">En la foto podemos ver el tutor\/expansor que tiene en su brazo izquierdo para corregir la fractura con desplazamiento y expuesta que sufriera el fin de semana pasado. Ma\u00f1ana Viernes vuelven a intervenirlo para continuar arreglando todo lo roto&#8230; y todav\u00eda no hay fecha cierta de su regreso a la pista pero pueden ver en su cuenta de Instagram que ya est\u00e1 sobre una bicicleta fija, entrenando para no perder forma f\u00edsica en las partes que puede mover. Ojal\u00e1 lo tengamos en la pista lo antes posible, pero dudamos que esto sea antes de mitad de a\u00f1o.<\/p>\n<p style=\"text-align: justify;\">Nota: N\u00e9stor Guti\u00e9rrez<\/p>\n<p style=\"text-align: justify;\">Redes: Java Coscio<\/p>\n<p>&nbsp;<\/p>\n<blockquote class=\"instagram-media\" style=\"background: #FFF; border: 0; border-radius: 3px; box-shadow: 0 0 1px 0 rgba(0,0,0,0.5),0 1px 10px 0 rgba(0,0,0,0.15); margin: 1px; max-width: 658px; padding: 0; width: calc(100% - 2px);\" data-instgrm-captioned=\"\" data-instgrm-version=\"7\">\n<div style=\"padding: 8px;\">\n<div style=\"background: #F8F8F8; line-height: 0; margin-top: 40px; padding: 62.43055555555556% 0; text-align: center; width: 100%;\"><\/div>\n<p style=\"margin: 8px 0 0 0; padding: 0 4px;\"><a style=\"color: #000; font-family: Arial,sans-serif; font-size: 14px; font-style: normal; font-weight: normal; line-height: 17px; text-decoration: none; word-wrap: break-word;\" href=\"https:\/\/www.instagram.com\/p\/BPq0ENfgHn2\/\" target=\"_blank\">It feels amazing to be spinning a bit. Not from the drugs but my legs. Closing all the cuts up and taking out some metal tomorrow for swelling and hopefully start preparing my arm piece by piece starting Friday. I can guarantee you that I will be doing everything to get that arm back close to perfect. Still have to wait to really know how long it is gonna take but I am young and strong. Nothing is impossible<\/a><\/p>\n<p style=\"color: #c9c8cd; font-family: Arial,sans-serif; font-size: 14px; line-height: 17px; margin-bottom: 0; margin-top: 8px; overflow: hidden; padding: 8px 0 7px; text-align: center; text-overflow: ellipsis; white-space: nowrap;\">Un v\u00eddeo publicado por Ken Roczen (@kenroczen94) el <time style=\"font-family: Arial,sans-serif; font-size: 14px; line-height: 17px;\" datetime=\"2017-01-25T01:30:13+00:00\">24 de Ene de 2017 a la(s) 5:30 PST<\/time><\/p>\n<\/div>\n<\/blockquote>\n<p style=\"color: #c9c8cd; font-family: Arial,sans-serif; font-size: 14px; line-height: 17px; margin-bottom: 0; margin-top: 8px; overflow: hidden; padding: 8px 0 7px; text-align: center; text-overflow: ellipsis; white-space: nowrap;\">INSCRIBITE YA&#8230;! <a href=\"http:\/\/www.endurodeclaromeco.com.ar\">www.endurodeclaromeco.com.ar<\/a><\/p>\n<p style=\"color: #c9c8cd; font-family: Arial,sans-serif; font-size: 14px; line-height: 17px; margin-bottom: 0; margin-top: 8px; overflow: hidden; padding: 8px 0 7px; text-align: center; text-overflow: ellipsis; white-space: nowrap;\"><img decoding=\"async\" class=\"aligncenter size-large wp-image-25842\" src=\"http:\/\/www.crossprensa.com.ar\/news\/wp-content\/uploads\/2017\/01\/b3ce4243-70d2-4f1c-98e0-82055d7356b10-1-600x400.jpg\" alt=\"b3ce4243-70d2-4f1c-98e0-82055d7356b10\" width=\"600\" height=\"400\" \/><\/p>\n<p style=\"color: #c9c8cd; font-family: Arial,sans-serif; font-size: 14px; line-height: 17px; margin-bottom: 0; margin-top: 8px; overflow: hidden; padding: 8px 0 7px; text-align: center; text-overflow: ellipsis; white-space: nowrap;\">\n<p><script src=\"\/\/platform.instagram.com\/en_US\/embeds.js\" async=\"\" defer=\"defer\"><\/script><\/p>\n","protected":false},"excerpt":{"rendered":"<p>El esp\u00edritu positivo de Ken Roczen no tiene discusi\u00f3n porque conociendo su trayectoria en lo&#8230;<\/p>\n","protected":false},"author":2,"featured_media":25920,"comment_status":"open","ping_status":"open","sticky":false,"template":"","format":"standard","meta":{"om_disable_all_campaigns":false,"_monsterinsights_skip_tracking":false,"_monsterinsights_sitenote_active":false,"_monsterinsights_sitenote_note":"","_monsterinsights_sitenote_category":0,"_uf_show_specific_survey":0,"_uf_disable_surveys":false,"footnotes":""},"categories":[25,30],"tags":[5],"class_list":["post-25919","post","type-post","status-publish","format-standard","has-post-thumbnail","hentry","category-ama-motocross","category-ama-supercross","tag-slice"],"aioseo_notices":[],"_links":{"self":[{"href":"https:\/\/www.crossprensa.com.ar\/news\/wp-json\/wp\/v2\/posts\/25919","targetHints":{"allow":["GET"]}}],"collection":[{"href":"https:\/\/www.crossprensa.com.ar\/news\/wp-json\/wp\/v2\/posts"}],"about":[{"href":"https:\/\/www.crossprensa.com.ar\/news\/wp-json\/wp\/v2\/types\/post"}],"author":[{"embeddable":true,"href":"https:\/\/www.crossprensa.com.ar\/news\/wp-json\/wp\/v2\/users\/2"}],"replies":[{"embeddable":true,"href":"https:\/\/www.crossprensa.com.ar\/news\/wp-json\/wp\/v2\/comments?post=25919"}],"version-history":[{"count":4,"href":"https:\/\/www.crossprensa.com.ar\/news\/wp-json\/wp\/v2\/posts\/25919\/revisions"}],"predecessor-version":[{"id":25926,"href":"https:\/\/www.crossprensa.com.ar\/news\/wp-json\/wp\/v2\/posts\/25919\/revisions\/25926"}],"wp:featuredmedia":[{"embeddable":true,"href":"https:\/\/www.crossprensa.com.ar\/news\/wp-json\/wp\/v2\/media\/25920"}],"wp:attachment":[{"href":"https:\/\/www.crossprensa.com.ar\/news\/wp-json\/wp\/v2\/media?parent=25919"}],"wp:term":[{"taxonomy":"category","embeddable":true,"href":"https:\/\/www.crossprensa.com.ar\/news\/wp-json\/wp\/v2\/categories?post=25919"},{"taxonomy":"post_tag","embeddable":true,"href":"https:\/\/www.crossprensa.com.ar\/news\/wp-json\/wp\/v2\/tags?post=25919"}],"curies":[{"name":"wp","href":"https:\/\/api.w.org\/{rel}","templated":true}]}}